{"id":24871,"date":"2025-04-14T18:13:12","date_gmt":"2025-04-14T18:13:12","guid":{"rendered":"https:\/\/www.europesays.com\/fr\/24871\/"},"modified":"2025-04-14T18:13:12","modified_gmt":"2025-04-14T18:13:12","slug":"hac-didier-digard-apres-rennes-1-5-je-ne-mattendais-pas-a-ca","status":"publish","type":"post","link":"https:\/\/www.europesays.com\/fr\/24871\/","title":{"rendered":"HAC &#8211; Didier Digard apr\u00e8s Rennes (1-5) : \u00ab Je ne m&rsquo;attendais pas \u00e0 \u00e7a \u00bb"},"content":{"rendered":"<p style=\"text-align: justify;\">Tr\u00e8s dure rechute pour le <strong>Havre Athletic Club<\/strong> lors de la 29e journ\u00e9e de <strong>Ligue 1<\/strong>. R\u00e9guli\u00e8rement en difficult\u00e9 \u00e0 domicile, les Ciel &amp; Marine ont sombr\u00e9 dimanche apr\u00e8s-midi contre Rennes (1-5) en encaissant le premier but d\u00e8s la premi\u00e8re minute. Les Normands accusaient d\u00e9j\u00e0 un retard de trois buts apr\u00e8s un quart d\u2019heure. En conf\u00e9rence de presse, le coach <strong>Didier Digard<\/strong> a constat\u00e9 les d\u00e9g\u00e2ts.<\/p>\n<p style=\"text-align: justify;\">\u00c0 lire aussi &gt;&gt; <a href=\"https:\/\/maligue2.fr\/2025\/04\/14\/montpellier-laurent-nicollin-il-y-a-des-gens-dont-l-histoire-est-finie-au-club\/\" target=\"_blank\" rel=\"noopener\">Montpellier \u2013 Laurent Nicollin : \u00ab Il y a des gens dont l\u2019histoire est finie au club \u00bb<\/a><\/p>\n<p style=\"text-align: justify;\">\u00ab Lorsqu\u2019on fait une telle entame, on se complique grandement les choses. \u00c0 3-0, l\u2019\u00e9quipe est malgr\u00e9 tout parvenue \u00e0 relever la t\u00eate, \u00e0 marquer. Et au moment o\u00f9 on est le mieux, on prend le quatri\u00e8me. Mais globalement, la semaine avait \u00e9t\u00e9 tr\u00e8s bonne et je ne m\u2019attendais pas \u00e0 \u00e7a. Est-ce que les joueurs ont pris ce match \u00e0 la l\u00e9g\u00e8re ? Non. Ou alors, inconsciemment. Maintenant, par le pass\u00e9, on a montr\u00e9 qu\u2019on avait du caract\u00e8re, on va devoir le faire jusqu\u2019au bout. Je veux voir une r\u00e9action d\u00e8s mardi \u00e0 la reprise de l\u2019entra\u00eenement. Cette claque doit nous remettre les id\u00e9es en place. \u00bb<\/p>\n<p>Source : <a href=\"https:\/\/www.paris-normandie.fr\/\" target=\"_blank\" rel=\"noopener\">Paris-Normandie<\/a><\/p>\n<p style=\"text-align: justify;\">Photo \u00a9Dave Winter\/FEP\/Icon Sport<\/p>\n","protected":false},"excerpt":{"rendered":"Tr\u00e8s dure rechute pour le Havre Athletic Club lors de la 29e journ\u00e9e de Ligue 1. R\u00e9guli\u00e8rement en&hellip;\n","protected":false},"author":2,"featured_media":24872,"comment_status":"","ping_status":"","sticky":false,"template":"","format":"standard","meta":{"footnotes":""},"categories":[2821],"tags":[1111,11,829,8954,1777,674,1011,27,5162,12,584,25],"class_list":{"0":"post-24871","1":"post","2":"type-post","3":"status-publish","4":"format-standard","5":"has-post-thumbnail","7":"category-rennes","8":"tag-actu","9":"tag-actualites","10":"tag-bretagne","11":"tag-didier-digard","12":"tag-eu","13":"tag-europe","14":"tag-fr","15":"tag-france","16":"tag-le-havre","17":"tag-news","18":"tag-rennes","19":"tag-republique-francaise"},"share_on_mastodon":{"url":"https:\/\/pubeurope.com\/@fr\/114337677571964750","error":""},"_links":{"self":[{"href":"https:\/\/www.europesays.com\/fr\/wp-json\/wp\/v2\/posts\/24871","targetHints":{"allow":["GET"]}}],"collection":[{"href":"https:\/\/www.europesays.com\/fr\/wp-json\/wp\/v2\/posts"}],"about":[{"href":"https:\/\/www.europesays.com\/fr\/wp-json\/wp\/v2\/types\/post"}],"author":[{"embeddable":true,"href":"https:\/\/www.europesays.com\/fr\/wp-json\/wp\/v2\/users\/2"}],"replies":[{"embeddable":true,"href":"https:\/\/www.europesays.com\/fr\/wp-json\/wp\/v2\/comments?post=24871"}],"version-history":[{"count":0,"href":"https:\/\/www.europesays.com\/fr\/wp-json\/wp\/v2\/posts\/24871\/revisions"}],"wp:featuredmedia":[{"embeddable":true,"href":"https:\/\/www.europesays.com\/fr\/wp-json\/wp\/v2\/media\/24872"}],"wp:attachment":[{"href":"https:\/\/www.europesays.com\/fr\/wp-json\/wp\/v2\/media?parent=24871"}],"wp:term":[{"taxonomy":"category","embeddable":true,"href":"https:\/\/www.europesays.com\/fr\/wp-json\/wp\/v2\/categories?post=24871"},{"taxonomy":"post_tag","embeddable":true,"href":"https:\/\/www.europesays.com\/fr\/wp-json\/wp\/v2\/tags?post=24871"}],"curies":[{"name":"wp","href":"https:\/\/api.w.org\/{rel}","templated":true}]}}