{"id":248712,"date":"2025-07-14T05:48:12","date_gmt":"2025-07-14T05:48:12","guid":{"rendered":"https:\/\/www.europesays.com\/fr\/248712\/"},"modified":"2025-07-14T05:48:12","modified_gmt":"2025-07-14T05:48:12","slug":"tennis-kilian-feldbausch-rempoter-le-deuxieme-itf-internaziunali-di-corsica-de-lucciana","status":"publish","type":"post","link":"https:\/\/www.europesays.com\/fr\/248712\/","title":{"rendered":"Tennis :\u00a0 Kilian Feldbausch rempoter le deuxi\u00e8me ITF Internaziunali di Corsica de Lucciana"},"content":{"rendered":"<p>Fortement perturb\u00e9e par les pr\u00e9cipitations sur la r\u00e9gion de Lucciana, l&rsquo;ITF<strong> Internaziunali di Corsica <\/strong>s&rsquo;est fini ce dimanche 13 juillet vers 23 heures 15 apr\u00e8s un report dans l&rsquo;apr\u00e8s-midi. Dans cette finale de cogneurs, le <strong>Suisse Kilian Feldbausch<\/strong> (488e mondial) \u00e9tait oppos\u00e9 \u00e0 <strong>l&rsquo;Autrichien Joel Schwaerzler <\/strong>(388e mondial). L&rsquo;Helv\u00e8te a remport\u00e9 le premier set 6-3 apr\u00e8s que son adversaire, se plaignant de la qualit\u00e9 du court, soit quelque peu sorti de son match.<\/p>\n<p>Le deuxi\u00e8me set \u00e9tait d&rsquo;une tout autre nature avec un Autrichien bien meilleur dans son service et dans la puissance de ses coups droits. Joel Schwaerzler s&rsquo;adjugeait la deuxi\u00e8me manche 6-3.<\/p>\n<p>Dans le dernier set, Kilian Feldbausch r\u00e9alisait un premier break dans le troisi\u00e8me jeu, avant que Joel Schwaerzler d\u00e9breake imm\u00e9diatement. Le Suisse breakait de nouveau \u00e0 4-2 mais se faisait \u00e9galiser 4-4. Il finissait par s&rsquo;imposer sur sa seconde .balle de match 6-4.<\/p>\n","protected":false},"excerpt":{"rendered":"Fortement perturb\u00e9e par les pr\u00e9cipitations sur la r\u00e9gion de Lucciana, l&rsquo;ITF Internaziunali di Corsica s&rsquo;est fini ce dimanche&hellip;\n","protected":false},"author":2,"featured_media":248713,"comment_status":"","ping_status":"","sticky":false,"template":"","format":"standard","meta":{"footnotes":""},"categories":[1415],"tags":[17,2563,38894,1011,27,38897,38896,38893,38895,60,1467],"class_list":{"0":"post-248712","1":"post","2":"type-post","3":"status-publish","4":"format-standard","5":"has-post-thumbnail","7":"category-tennis","8":"tag-17","9":"tag-deuxieme","10":"tag-feldbausch","11":"tag-fr","12":"tag-france","13":"tag-internaziunali","14":"tag-itf","15":"tag-kilian","16":"tag-rempoter","17":"tag-sports","18":"tag-tennis"},"share_on_mastodon":{"url":"https:\/\/pubeurope.com\/@fr\/114850018267539727","error":""},"_links":{"self":[{"href":"https:\/\/www.europesays.com\/fr\/wp-json\/wp\/v2\/posts\/248712","targetHints":{"allow":["GET"]}}],"collection":[{"href":"https:\/\/www.europesays.com\/fr\/wp-json\/wp\/v2\/posts"}],"about":[{"href":"https:\/\/www.europesays.com\/fr\/wp-json\/wp\/v2\/types\/post"}],"author":[{"embeddable":true,"href":"https:\/\/www.europesays.com\/fr\/wp-json\/wp\/v2\/users\/2"}],"replies":[{"embeddable":true,"href":"https:\/\/www.europesays.com\/fr\/wp-json\/wp\/v2\/comments?post=248712"}],"version-history":[{"count":0,"href":"https:\/\/www.europesays.com\/fr\/wp-json\/wp\/v2\/posts\/248712\/revisions"}],"wp:featuredmedia":[{"embeddable":true,"href":"https:\/\/www.europesays.com\/fr\/wp-json\/wp\/v2\/media\/248713"}],"wp:attachment":[{"href":"https:\/\/www.europesays.com\/fr\/wp-json\/wp\/v2\/media?parent=248712"}],"wp:term":[{"taxonomy":"category","embeddable":true,"href":"https:\/\/www.europesays.com\/fr\/wp-json\/wp\/v2\/categories?post=248712"},{"taxonomy":"post_tag","embeddable":true,"href":"https:\/\/www.europesays.com\/fr\/wp-json\/wp\/v2\/tags?post=248712"}],"curies":[{"name":"wp","href":"https:\/\/api.w.org\/{rel}","templated":true}]}}