{"id":248714,"date":"2025-07-14T05:50:12","date_gmt":"2025-07-14T05:50:12","guid":{"rendered":"https:\/\/www.europesays.com\/fr\/248714\/"},"modified":"2025-07-14T05:50:12","modified_gmt":"2025-07-14T05:50:12","slug":"motogp-marc-marquez-ne-sattendait-pas-a-ce-geste-de-ducati","status":"publish","type":"post","link":"https:\/\/www.europesays.com\/fr\/248714\/","title":{"rendered":"MotoGP, Marc M\u00e1rquez ne s&rsquo;attendait pas \u00e0 ce geste de Ducati"},"content":{"rendered":"<p><img loading=\"lazy\" decoding=\"async\" src=\"https:\/\/www.europesays.com\/fr\/wp-content\/uploads\/2025\/07\/Reseaux-sociaux-Recupere-Recupere-1.png\" alt=\"Marc M\u00e1rquez\" class=\"\" width=\"1080\" height=\"675\"\/><\/p>\n<p><strong>Vous n\u2019\u00eates pas assez int\u00e9ress\u00e9 par les r\u00e9seaux sociaux<br \/>\npour suivre plusieurs centaines de pilotes<\/strong><strong>, mais<br \/>\nvous n\u2019aimez pas rater aucune des petites histoires qui animent le<br \/>\nMotoGP (Moto2 et Moto3), le <a href=\"https:\/\/www.worldsbk.com\/\" rel=\"nofollow noopener\" target=\"_blank\">WorldSBK<\/a> et les autres cat\u00e9gories ?<br \/>\nCette<a href=\"https:\/\/www.paddock-gp.com\/en\/?s=echo+reseaux\" target=\"_blank\" rel=\"noopener nofollow\">\u00a0rubrique quotidienne<\/a> est<br \/>\nfaite pour vous, pour bien commencer la journ\u00e9e en attendant des<br \/>\narticles plus cons\u00e9quents mais parfois moins insolites !<br \/>\nAujourd\u2019hui, d\u00e9couvrez la surprise faite par Ducati \u00e0 Marc<br \/>\nM\u00e1rquez.<\/strong><\/p>\n<p class=\"my-0\">L\u2019arriv\u00e9e de Marc M\u00e1rquez au Sachsenring pour le<br \/>\nGrand Prix d\u2019Allemagne 2025 a \u00e9t\u00e9 marqu\u00e9e par une surprise : le<br \/>\npilote espagnol a \u00e9t\u00e9 accueilli dans le box Ducati par son \u00e9quipe<br \/>\navec un g\u00e2teau sp\u00e9cial, c\u00e9l\u00e9brant son 200e d\u00e9part en cat\u00e9gorie<br \/>\nreine.<\/p>\n<p class=\"my-0\">Avant m\u00eame de prendre la piste, Marc M\u00e1rquez a eu<br \/>\ndroit \u00e0 une c\u00e9l\u00e9bration \u00e0 la hauteur de l\u2019\u00e9v\u00e9nement. Dans le<br \/>\npaddock, l\u2019\u00e9quipe Ducati avait pr\u00e9par\u00e9 une grande assiette de<br \/>\nfruits frais et de baies, surmont\u00e9e d\u2019une cr\u00e8me arborant le chiffre<br \/>\n\u2018200\u2019. Ce geste, a permis \u00e0 toute l\u2019\u00e9quipe de partager un moment de<br \/>\nconvivialit\u00e9 autour de leur champion, qui franchit une \u00e9tape<br \/>\nmajeure de sa carri\u00e8re.<\/p>\n<p class=\"my-0\">F\u00eater ce 200e Grand Prix au Sachsenring n\u2019\u00e9tait pas<br \/>\nanodin pour Marc M\u00e1rquez. Le trac\u00e9 allemand est l\u2019un de ses<br \/>\nterrains de jeu favoris\u202f: il y a d\u00e9j\u00e0 remport\u00e9 neuf fois la course<br \/>\nMotoGP, confirmant son statut de \u2018King of the Ring\u2019.<\/p>\n<p><a href=\"https:\/\/www.paddock-gp.com\/wp-content\/uploads\/2025\/07\/Capture-decran-2025-07-13-a-19.57.54.png\" rel=\"nofollow noopener\" target=\"_blank\"><br \/>\n<img loading=\"lazy\" decoding=\"async\" class=\"aligncenter wp-image-1310186 size-large\" src=\"https:\/\/www.europesays.com\/fr\/wp-content\/uploads\/2025\/07\/Capture-decran-2025-07-13-a-19.57.54-600x400.png\" alt=\"\" width=\"600\" height=\"400\"  \/><\/a><\/p>\n","protected":false},"excerpt":{"rendered":"Vous n\u2019\u00eates pas assez int\u00e9ress\u00e9 par les r\u00e9seaux sociaux pour suivre plusieurs centaines de pilotes, mais vous n\u2019aimez&hellip;\n","protected":false},"author":2,"featured_media":248715,"comment_status":"","ping_status":"","sticky":false,"template":"","format":"standard","meta":{"footnotes":""},"categories":[1413],"tags":[1011,27,1457,1456,60],"class_list":{"0":"post-248714","1":"post","2":"type-post","3":"status-publish","4":"format-standard","5":"has-post-thumbnail","7":"category-moto","8":"tag-fr","9":"tag-france","10":"tag-moto","11":"tag-motocycle","12":"tag-sports"},"share_on_mastodon":{"url":"https:\/\/pubeurope.com\/@fr\/114850026329651783","error":""},"_links":{"self":[{"href":"https:\/\/www.europesays.com\/fr\/wp-json\/wp\/v2\/posts\/248714","targetHints":{"allow":["GET"]}}],"collection":[{"href":"https:\/\/www.europesays.com\/fr\/wp-json\/wp\/v2\/posts"}],"about":[{"href":"https:\/\/www.europesays.com\/fr\/wp-json\/wp\/v2\/types\/post"}],"author":[{"embeddable":true,"href":"https:\/\/www.europesays.com\/fr\/wp-json\/wp\/v2\/users\/2"}],"replies":[{"embeddable":true,"href":"https:\/\/www.europesays.com\/fr\/wp-json\/wp\/v2\/comments?post=248714"}],"version-history":[{"count":0,"href":"https:\/\/www.europesays.com\/fr\/wp-json\/wp\/v2\/posts\/248714\/revisions"}],"wp:featuredmedia":[{"embeddable":true,"href":"https:\/\/www.europesays.com\/fr\/wp-json\/wp\/v2\/media\/248715"}],"wp:attachment":[{"href":"https:\/\/www.europesays.com\/fr\/wp-json\/wp\/v2\/media?parent=248714"}],"wp:term":[{"taxonomy":"category","embeddable":true,"href":"https:\/\/www.europesays.com\/fr\/wp-json\/wp\/v2\/categories?post=248714"},{"taxonomy":"post_tag","embeddable":true,"href":"https:\/\/www.europesays.com\/fr\/wp-json\/wp\/v2\/tags?post=248714"}],"curies":[{"name":"wp","href":"https:\/\/api.w.org\/{rel}","templated":true}]}}