{"id":248716,"date":"2025-07-14T05:51:10","date_gmt":"2025-07-14T05:51:10","guid":{"rendered":"https:\/\/www.europesays.com\/fr\/248716\/"},"modified":"2025-07-14T05:51:10","modified_gmt":"2025-07-14T05:51:10","slug":"si-je-trouve-ca-va-faire-du-bruit-nick-raudenski-lex-chasseur-de-terroristes-qui-traque-les-moteurs-dans-le-peloton","status":"publish","type":"post","link":"https:\/\/www.europesays.com\/fr\/248716\/","title":{"rendered":"\u00abSi je trouve, \u00e7a va faire du bruit\u00bb, Nick Raudenski, l&rsquo;ex-chasseur de terroristes qui traque les moteurs dans le peloton"},"content":{"rendered":"<p>Cet am\u00e9ricain, pass\u00e9 par la lutte antiterroriste m\u00e8ne la lutte contre la fraude technologique sur le Tour de France.<\/p>\n<p class=\"fig-paragraph\">Dans une ancienne vie, Nick Raudenski \u00abtraquait les terroristes\u00bb. Aujourd&rsquo;hui, il cherche des moteurs dans les v\u00e9los<a href=\"https:\/\/www.lefigaro.fr\/sports\/cyclisme\/tour-de-france\/calendrier\" target=\"_blank\" rel=\"nofollow noopener\" data-gtm-custom-categorie=\"navigation\" data-gtm-custom-action=\"crossclick\" data-gtm-custom-label=\"Contextuel\" data-gtm-event=\"customEventSPE\">\u00a0du Tour de France<\/a>. \u00abJe ne suis pas du genre \u00e0 d\u00e9tourner le regard. Si nous trouvons quelque chose, \u00e7a va faire du bruit\u00bb, assure-t-il \u00e0 l&rsquo;AFP.<\/p>\n<p class=\"fig-paragraph\">Gabarit solide, barbe drue, casquette et voix grave, l&rsquo;Am\u00e9ricain est depuis 2024 le chef de la lutte contre la fraude technologique \u00e0 l&rsquo;Union cycliste internationale (UCI), un fl\u00e9au potentiel qui flotte comme un spectre au-dessus d&rsquo;un peloton de plus en plus v\u00e9loce.<\/p>\n<p>                                    <a class=\"fig-a11y-skip a11y-hidden\" href=\"#fig-a11y-skip-main-inarticle\"><br \/>\n        Passer la publicit\u00e9<br \/>\n    <\/a><\/p>\n<p>Il se met dans la t\u00eate des tricheurs pour les contrer<\/p>\n<p class=\"fig-paragraph\">\u00abLorsque je suis arriv\u00e9, la premi\u00e8re chose que j&rsquo;ai faite \u00e9tait de me mettre dans la peau d&rsquo;un tricheur. Comment ferais-je pour utiliser un moteur sans \u00eatre rattrap\u00e9 par la patrouille? Exactement comme lorsque j&rsquo;\u00e9tais enqu\u00eateur criminel au sein du D\u00e9partement am\u00e9ricain de la s\u00e9curit\u00e9 int\u00e9rieure\u00bb, explique-t-il.<\/p>\n<p class=\"fig-body-link\">\n            \u00c0 lire aussi<br \/>\n        <a class=\"fig-body-link__link\" href=\"https:\/\/www.lefigaro.fr\/le-scan-sport\/buzz\/2016\/02\/02\/27002-20160202ARTFIG00198-dopage-mecanique-comment-fabrique-t-on-un-velo-electrique.php\" data-fig-type=\"Article\" data-gtm-custom-categorie=\"navigation\" data-gtm-custom-action=\"crossclick\" data-gtm-custom-label=\"Contextuel\" data-gtm-event=\"customEventSPE\" data-fig-domain=\"LEFIGARO\" target=\"_blank\" rel=\"noopener\">Dopage m\u00e9canique\u00a0: comment fabrique-t-on un v\u00e9lo \u00e9lectrique\u00a0?<br \/>\n    <\/a>\n<\/p>\n<p class=\"fig-paragraph\">\u00abJ&rsquo;ai travaill\u00e9 dans la lutte antiterroriste. Un idiot a essay\u00e9 de faire exploser un avion en pla\u00e7ant une bombe dans sa semelle, et maintenant tout le monde doit enlever ses chaussures \u00e0 l&rsquo;a\u00e9roport. C&rsquo;est la m\u00eame chose dans le cyclisme\u00bb, ajoute celui qui a aussi offici\u00e9 \u00e0 la FIFA, l&rsquo;UEFA et l&rsquo;International Testing Agency (ITA), l&rsquo;organisme ind\u00e9pendant en charge des op\u00e9rations antidopage de l&rsquo;UCI.<\/p>\n<p class=\"fig-paragraph\">Si la fraude technologique est souvent \u00e9voqu\u00e9e, le seul cas prouv\u00e9 dans le cyclisme professionnel remonte \u00e0 2016 lorsque\u00a0<a href=\"https:\/\/www.lefigaro.fr\/le-scan-sport\/2016\/04\/26\/27001-20160426ARTFIG00201-dopage-mecanique-six-ans-de-suspension-pour-la-cycliste.php\" data-fig-type=\"Article\" data-gtm-custom-categorie=\"navigation\" data-gtm-custom-action=\"crossclick\" data-gtm-custom-label=\"Contextuel\" data-gtm-event=\"customEventSPE\" data-fig-domain=\"LEFIGARO\" target=\"_blank\" rel=\"noopener\">la jeune Belge Femme Van den Driessche<\/a>, 19 ans, avait dissimul\u00e9 un moteur aux Mondiaux de cyclo-cross espoirs. Depuis, les milliers de contr\u00f4les ont \u00e9t\u00e9 r\u00e9alis\u00e9s, sans nouvelle trouvaille.<\/p>\n<p class=\"fig-paragraph\">\u00abQuand j\u2019ai \u00e9t\u00e9 \u00e9lu, en 2017, c\u2019\u00e9tait un vrai sujet. D\u2019ailleurs, j\u2019\u00e9tais un de ceux qui \u00e9mettaient un certain nombre de r\u00e9serves, non pas sur le fait qu\u2019il y en ait, mais sur la mani\u00e8re dont on luttait \u00e0 l\u2019UCI. Donc on a d\u00e9sormais ces machines portatives de rayons\u00a0X qui valent \u00e0 peu pr\u00e8s 50.000\u00a0euros pi\u00e8ce. On scanne les v\u00e9los. On les contr\u00f4le \u00e0 l\u2019arriv\u00e9e. Et puis on ne s\u2019interdit pas des d\u00e9montages de v\u00e9lo pour v\u00e9rifier qu\u2019il n\u2019y a rien \u00e0 l\u2019int\u00e9rieur. On le fait assez r\u00e9guli\u00e8rement. Et, sur ce Tour de France, ce sera peut-\u00eatre le cas\u2026\u00bb,\u00a0<a href=\"http:\/\/www.lefigaro.fr\/sports\/cyclisme\/tour-de-france\/david-lappartient-aucune-raison-objective-de-douter-de-la-performance-de-tadej-pogacar-20250707\" data-fig-type=\"Article\" data-gtm-custom-categorie=\"navigation\" data-gtm-custom-action=\"crossclick\" data-gtm-custom-label=\"Contextuel\" data-gtm-event=\"customEventSPE\" data-fig-domain=\"LEFIGARO\" target=\"_blank\" rel=\"noopener\">a confi\u00e9 sur le sujet David Lappartient au Figaro<\/a>\u00a0en d\u00e9but de Tour de France. \u00abPourquoi on n&rsquo;a rien trouv\u00e9? C&rsquo;est soit parce qu&rsquo;il n&rsquo;y a rien \u00e0 trouver, soit parce qu&rsquo;on n&rsquo;y arrive pas. Cette question me hante. Je suis l\u00e0 pour y r\u00e9pondre\u00bb, affirme Raudenski.<\/p>\n<p>Les v\u00e9los pass\u00e9s au rayons X<\/p>\n<p class=\"fig-paragraph\">Pour trouver, l&rsquo;UCI renforce, ann\u00e9e apr\u00e8s ann\u00e9e, son dispositif. En 2024, 192 v\u00e9los ont \u00e9t\u00e9 contr\u00f4l\u00e9s par rayons X sur le Tour de France, dont syst\u00e9matiquement celui du vainqueur d&rsquo;\u00e9tape et du maillot jaune, une augmentation de 17% par rapport \u00e0 2023. \u00abCette ann\u00e9e il y en aura plus\u00bb, insiste l&rsquo;UCI qui a lanc\u00e9 en parall\u00e8le un programme de r\u00e9compenses offrant des incitations notamment financi\u00e8res \u00e0 ceux qui donneraient des renseignements exploitables.<\/p>\n<p class=\"fig-body-link\">\n            \u00c0 lire aussi<br \/>\n        <a class=\"fig-body-link__link\" href=\"https:\/\/www.lefigaro.fr\/le-scan-sport\/buzz\/2015\/07\/28\/27002-20150728ARTFIG00022-le-dopage-mecanique-une-realite-dans-de-nombreux-sports.php\" data-fig-type=\"Article\" data-gtm-custom-categorie=\"navigation\" data-gtm-custom-action=\"crossclick\" data-gtm-custom-label=\"Contextuel\" data-gtm-event=\"customEventSPE\" data-fig-domain=\"LEFIGARO\" target=\"_blank\" rel=\"noopener\">Le dopage m\u00e9canique, une r\u00e9alit\u00e9 dans de nombreux sports<br \/>\n    <\/a>\n<\/p>\n<p>                                    <a class=\"fig-a11y-skip a11y-hidden\" href=\"#fig-a11y-skip-main-inarticle_mtf\"><br \/>\n        Passer la publicit\u00e9<br \/>\n    <\/a><\/p>\n<p class=\"fig-paragraph\">Au dernier Crit\u00e9rium du Dauphin\u00e9 le 13 juin \u00e0 Combloux, Nick Raudenski a fait entrer l&rsquo;AFP dans les coulisses de ces contr\u00f4les, depuis la ligne d&rsquo;arriv\u00e9e, o\u00f9 il intercepte les coureurs, jusqu&rsquo;\u00e0 la tente install\u00e9e derri\u00e8re le podium o\u00f9 sont diss\u00e9qu\u00e9s les v\u00e9los. \u00abAu d\u00e9part de l&rsquo;\u00e9tape, des commissaires contr\u00f4lent les v\u00e9los \u00e0 l&rsquo;aide de tablettes magn\u00e9tiques. Ils peuvent nous alerter par t\u00e9l\u00e9phone s&rsquo;ils ont remarqu\u00e9 quelque chose en particulier\u00bb, raconte-t-il.<\/p>\n<p class=\"fig-paragraph\">\u00abApr\u00e8s on regarde la course pour voir si quelque chose sort de l&rsquo;ordinaire, comme par exemple un \u00e9quipier qui tire un relais particuli\u00e8rement appuy\u00e9 ou un coureur qui change de v\u00e9lo. \u00c7a nous permet de cibler les coureurs qu&rsquo;on veut tester \u00e0 l&rsquo;arriv\u00e9e en plus des ceux qui sont automatiquement d\u00e9sign\u00e9s.\u00bb L&rsquo;UCI v\u00e9rifie aussi les v\u00e9los des coureurs qui passent un test antidopage. Pour analyser les v\u00e9los, Nick Raudenski et son \u00e9quipe utilisent d\u00e9sormais un appareil portatif \u00e0 rayons X avec lequel les techniciens, dosim\u00e8tre autour du cou, scannent les machines de haut en bas.<\/p>\n<p>Formule 1 et drones<\/p>\n<p class=\"fig-paragraph\">\u00abCes appareils sont si performants qu&rsquo;on peut voir le num\u00e9ro de s\u00e9rie, les c\u00e2bles, tout ce qu&rsquo;il peut y avoir \u00e0 l&rsquo;int\u00e9rieur d&rsquo;un v\u00e9lo. C&rsquo;est comme \u00e0 l&rsquo;h\u00f4pital. \u00c7a nous \u00e9vite de d\u00e9monter chaque jour 30 v\u00e9los. Il n&rsquo;y a pas 150 endroits pour cacher quelque chose. Et nous savons exactement ce qu&rsquo;on cherche.\u00bb Raudenski assure que son \u00e9quipe est \u00abconstamment \u00e0 l&rsquo;aff\u00fbt des derni\u00e8res technologies\u00bb, regarde ce qui se passe dans d&rsquo;autres sports \u00abcomme la Formule 1\u00bb ou ausculte \u00ables batteries de plus en plus miniatures pour faire voler les drones\u00bb.<\/p>\n<p class=\"fig-paragraph\">Car \u00ables progr\u00e8s ont \u00e9t\u00e9 \u00e9normes ces derni\u00e8res ann\u00e9es\u00bb. Malgr\u00e9 tout, Nick Raudenski se dit \u00abtr\u00e8s confiant\u00bb quant \u00e0 l&rsquo;efficacit\u00e9 des contr\u00f4les, alors que la capacit\u00e9 de d\u00e9tection de l&rsquo;UCI est parfois mise en doute. \u00abJ&rsquo;ai envie que les gens y croient quand ils regardent une mont\u00e9e de col ou une attaque fulgurante et ne disent pas: ah voil\u00e0 il utilise un moteur.\u00bb<\/p>\n<p class=\"fig-paragraph\">Quant aux accusations que l&rsquo;UCI puisse enterrer une affaire potentielle pour ne pas nuire \u00e0 l&rsquo;image du sport, l&rsquo;ancien enqu\u00eateur est cat\u00e9gorique: \u00abc&rsquo;est hors de question\u00bb. \u00abJe ne sais pas si c&rsquo;est arriv\u00e9 dans le pass\u00e9 mais d\u00e9tourner le regard n&rsquo;est pas mon genre, assure-t-il. Si nous trouvons quelque chose, \u00e7a va faire du bruit.\u00bb<\/p>\n<p>    <a href=\"https:\/\/photo.lefigaro.fr\/sports\/cyclisme\/tour-de-france\/tour-de-france-du-terrible-ennui-a-la-folie-de-juillet-notre-classement-des-editions-du-21e-siecle-en-images-20250703\" target=\"_blank\" rel=\"noopener\"><\/p>\n<p class=\"fig-slideshow__title\">\n                    Du plus soporifique au plus excitant, notre classement des \u00e9ditions du Tour de France au 21e si\u00e8cle\n                <\/p>\n<p>Acc\u00e9der au diaporama (12)<\/p>\n<p>    <\/a><\/p>\n","protected":false},"excerpt":{"rendered":"Cet am\u00e9ricain, pass\u00e9 par la lutte antiterroriste m\u00e8ne la lutte contre la fraude technologique sur le Tour de&hellip;\n","protected":false},"author":2,"featured_media":248717,"comment_status":"","ping_status":"","sticky":false,"template":"","format":"standard","meta":{"footnotes":""},"categories":[1412],"tags":[15150,1451,1452,1453,1454,1455,1011,27,60,210],"class_list":{"0":"post-248716","1":"post","2":"type-post","3":"status-publish","4":"format-standard","5":"has-post-thumbnail","7":"category-f1","8":"tag-dopage","9":"tag-f1","10":"tag-formula-1","11":"tag-formula1","12":"tag-formule-1","13":"tag-formule1","14":"tag-fr","15":"tag-france","16":"tag-sports","17":"tag-tour-de-france"},"share_on_mastodon":{"url":"https:\/\/pubeurope.com\/@fr\/114850030103981896","error":""},"_links":{"self":[{"href":"https:\/\/www.europesays.com\/fr\/wp-json\/wp\/v2\/posts\/248716","targetHints":{"allow":["GET"]}}],"collection":[{"href":"https:\/\/www.europesays.com\/fr\/wp-json\/wp\/v2\/posts"}],"about":[{"href":"https:\/\/www.europesays.com\/fr\/wp-json\/wp\/v2\/types\/post"}],"author":[{"embeddable":true,"href":"https:\/\/www.europesays.com\/fr\/wp-json\/wp\/v2\/users\/2"}],"replies":[{"embeddable":true,"href":"https:\/\/www.europesays.com\/fr\/wp-json\/wp\/v2\/comments?post=248716"}],"version-history":[{"count":0,"href":"https:\/\/www.europesays.com\/fr\/wp-json\/wp\/v2\/posts\/248716\/revisions"}],"wp:featuredmedia":[{"embeddable":true,"href":"https:\/\/www.europesays.com\/fr\/wp-json\/wp\/v2\/media\/248717"}],"wp:attachment":[{"href":"https:\/\/www.europesays.com\/fr\/wp-json\/wp\/v2\/media?parent=248716"}],"wp:term":[{"taxonomy":"category","embeddable":true,"href":"https:\/\/www.europesays.com\/fr\/wp-json\/wp\/v2\/categories?post=248716"},{"taxonomy":"post_tag","embeddable":true,"href":"https:\/\/www.europesays.com\/fr\/wp-json\/wp\/v2\/tags?post=248716"}],"curies":[{"name":"wp","href":"https:\/\/api.w.org\/{rel}","templated":true}]}}