{"id":248721,"date":"2025-07-14T05:54:21","date_gmt":"2025-07-14T05:54:21","guid":{"rendered":"https:\/\/www.europesays.com\/fr\/248721\/"},"modified":"2025-07-14T05:54:21","modified_gmt":"2025-07-14T05:54:21","slug":"adriana-karembeu-seule-au-bal-de-la-croix-rouge-pourquoi-marc-lavoine-netait-pas-avec-elle","status":"publish","type":"post","link":"https:\/\/www.europesays.com\/fr\/248721\/","title":{"rendered":"Adriana Karembeu seule au Bal de la Croix-Rouge, pourquoi Marc Lavoine n&rsquo;\u00e9tait pas avec elle ?"},"content":{"rendered":"<p>C&rsquo;est en solo que Adriana Karembeu a illumin\u00e9 le Bal de la Croix-Rouge \u00e0 Monaco ce 12 juillet 2025. Si la star a attir\u00e9 tous les regards, un d\u00e9tail a intrigu\u00e9 : l\u2019absence de Marc Lavoine \u00e0 ses c\u00f4t\u00e9s. Une absence remarqu\u00e9e dont la raison a \u00e9t\u00e9 r\u00e9v\u00e9l\u00e9e.<\/p>\n<p>Un \u00e9v\u00e9nement \u00e0 ne pas manquer. Ce samedi 12 juillet 2025, <a href=\"https:\/\/www.programme-tv.net\/news\/people\/383275-adriana-karembeu-sublime-sans-marc-lavoine-harry-roselmack-et-sa-femme-charlene-de-monaco-radieuse-les-stars-sur-leur-31-au-bal-de-la-croix-rouge-2025-photos\/\" data-api-deeplink=\"teleloisirs:\/\/news\/383275\" target=\"_blank\" rel=\"noopener\">de nombreuses stars s\u2019\u00e9taient donn\u00e9 rendez-vous \u00e0 Monaco<\/a> pour un rendez-vous de renom. Chaque ann\u00e9e depuis 1948, la principaut\u00e9 organise le Bal de la Croix-Rouge mon\u00e9gasque, une soir\u00e9e caritative destin\u00e9e \u00e0 r\u00e9colter des fonds pour l\u2019association d\u2019aide humanitaire. Les flashs des photographes ont cr\u00e9pit\u00e9 \u00e0 l\u2019arriv\u00e9e sur le tapis rouge d\u2019une partie de la famille Grimaldi. Le prince Albert II de Monaco est venu en compagnie de son \u00e9pouse, Charl\u00e8ne, sublime dans sa robe bleue <a href=\"https:\/\/www.programme-tv.net\/biographie\/279164-saab-elie\/\" data-link-people=\"e2b20a6e-251e-4e07-b91a-efeb927b8869\" target=\"_blank\" rel=\"noopener\">Elie Saab<\/a>, mais \u00e9galement son neveu <a href=\"https:\/\/www.programme-tv.net\/biographie\/236797-ducruet-louis\/\" data-link-people=\"c47d2641-11fa-483c-8ce7-e32b96685b77\" target=\"_blank\" rel=\"noopener\">Louis Ducruet<\/a> et sa ni\u00e8ce <a href=\"https:\/\/www.programme-tv.net\/biographie\/260657-gottlieb-camille\/\" data-link-people=\"5fa2dac5-f2cf-403d-b07c-6558c9297c07\" target=\"_blank\" rel=\"noopener\">Camille Gottlieb<\/a>, qui a rendu hommage \u00e0 sa grand-m\u00e8re, l\u2019actrice hollywoodienne <a href=\"https:\/\/www.programme-tv.net\/biographie\/417994-kelly-grace\/\" data-link-people=\"de099e12-be74-41bc-8a54-4777382aec0f\" target=\"_blank\" rel=\"noopener\">Grace Kelly<\/a>.<\/p>\n<p><b>Adriana Karembeu seule au gala de la Croix-Rouge<\/b><\/p>\n<p>D\u2019autres invit\u00e9s de marque ont fait le d\u00e9placement \u00e0 la Salle des \u00c9toiles du Sporting Monte-Carlo comme <a href=\"https:\/\/www.programme-tv.net\/biographie\/17735-roselmack-harry\/\" data-link-people=\"f6de1278-c02a-4e04-95ab-01269cc80de3\" target=\"_blank\" rel=\"noopener\">Harry Roselmack<\/a> et sa compagne Jennifer Galap, le pilote automobile mon\u00e9gasque <a href=\"https:\/\/www.programme-tv.net\/biographie\/432594-leclerc-charles\/\" data-link-people=\"34aa4286-b2ea-462e-8f7d-a0fcfa7fde45\" target=\"_blank\" rel=\"noopener\">Charles Leclerc<\/a> et les chanteurs <a href=\"https:\/\/www.programme-tv.net\/biographie\/282247-bassey-shirley\/\" data-link-people=\"312644f6-c1a3-4ae5-a7cc-228b8e8532a1\" target=\"_blank\" rel=\"noopener\">Shirley Bassey<\/a>, <a href=\"https:\/\/www.programme-tv.net\/biographie\/102120-idol-billy\/\" data-link-people=\"7e0fdab1-ef30-4aea-b5bb-c059f0197d6f\" target=\"_blank\" rel=\"noopener\">Billy Idol<\/a>\u00a0et <a href=\"https:\/\/www.programme-tv.net\/biographie\/6610-nielsen-brigitte\/\" data-link-people=\"61155d05-da79-40e1-8e29-085a9889f09b\" target=\"_blank\" rel=\"noopener\">Brigitte Nielsen<\/a>. Adriana Karembeu a aussi attir\u00e9 l\u2019attention. Celle qui habite sur le Rocher depuis seize ans n\u2019a pas manqu\u00e9 cette occasion en tant qu\u2019ambassadrice de la Croix-Rouge depuis 2000. Portant un costume blanc oversize et une lavalli\u00e8re noire, la maman de Nina \u00e9tait seule sous les projecteurs. En effet, la mannequin n\u2019\u00e9tait pas escort\u00e9e de son homme, <a href=\"https:\/\/www.programme-tv.net\/news\/people\/382734-jallais-quitter-le-pays-marc-lavoine-raconte-comment-un-appel-inattendu-dadriana-karembeu-a-tout-change\/\" data-api-deeplink=\"teleloisirs:\/\/news\/382734\" target=\"_blank\" rel=\"noopener\">Marc Lavoine<\/a>. Depuis l\u2019officialisation de leur couple en septembre 2024,\u00a0<a href=\"https:\/\/www.programme-tv.net\/news\/people\/378612-cest-une-femme-absolument-exceptionnelle-marc-lavoine-et-adriana-karembeu-plus-amoureux-que-jamais-ils-echangent-de-tendres-declarations-a-la-tele-video\/\" data-api-deeplink=\"teleloisirs:\/\/news\/378612\" target=\"_blank\" rel=\"noopener\">les deux tourtereaux filent le parfait amour<\/a>.<\/p>\n<p>                        <b>Marc Lavoine sur sc\u00e8ne pour un concert symphonique<\/b><\/p>\n<p>Mais le chanteur n\u2019a pas pu se rendre \u00e0 ce Bal, ayant une autre obligation ce soir-l\u00e0. L\u2019interpr\u00e8te du tube Elle a les yeux revolver donnait un concert symphonique \u00e0 Bagnols-sur-C\u00e8ze, dans le Gard, dans le cadre du Festival Cez\u2019Tivales. Le 5 juillet dernier, dans 50mn Inside, le musicien s\u2019\u00e9tait confi\u00e9 sur sa relation avec sa dulcin\u00e9e : \u00ab\u00a0Ma place est \u00e0 c\u00f4t\u00e9 d\u2019elle dans la vie, de la soutenir, de me pr\u00e9occuper de sa vie\u00a0\u00bb, avait-il d\u00e9clar\u00e9 avec tendresse.<\/p>\n<blockquote class=\"instagram-media\" data-instgrm-captioned=\"\" data-instgrm-permalink=\"https:\/\/www.instagram.com\/p\/DKzU1iqNXQC\/?utm_source=ig_embed&amp;utm_campaign=loading\" data-instgrm-version=\"14\" style=\" background:#FFF; border:0; border-radius:3px; box-shadow:0 0 1px 0 rgba(0,0,0,0.5),0 1px 10px 0 rgba(0,0,0,0.15); margin: 1px; max-width:658px; min-width:326px; padding:0; width:99.375%; width:-webkit-calc(100% - 2px); width:calc(100% - 2px);\"\/>\n<p>Article \u00e9crit en collaboration avec 6M\u00e9dias<\/p>\n<p>        <script async src=\"\/\/www.instagram.com\/embed.js\"><\/script><\/p>\n","protected":false},"excerpt":{"rendered":"C&rsquo;est en solo que Adriana Karembeu a illumin\u00e9 le Bal de la Croix-Rouge \u00e0 Monaco ce 12 juillet&hellip;\n","protected":false},"author":2,"featured_media":248722,"comment_status":"","ping_status":"","sticky":false,"template":"","format":"standard","meta":{"footnotes":""},"categories":[1359],"tags":[4552,6382,244,15908,58,59,1011,27,7593,973],"class_list":{"0":"post-248721","1":"post","2":"type-post","3":"status-publish","4":"format-standard","5":"has-post-thumbnail","7":"category-people","8":"tag-50mn-inside","9":"tag-adriana-karembeu","10":"tag-commentaire","11":"tag-diaporama","12":"tag-divertissement","13":"tag-entertainment","14":"tag-fr","15":"tag-france","16":"tag-marc-lavoine","17":"tag-people"},"share_on_mastodon":{"url":"https:\/\/pubeurope.com\/@fr\/114850041830069381","error":""},"_links":{"self":[{"href":"https:\/\/www.europesays.com\/fr\/wp-json\/wp\/v2\/posts\/248721","targetHints":{"allow":["GET"]}}],"collection":[{"href":"https:\/\/www.europesays.com\/fr\/wp-json\/wp\/v2\/posts"}],"about":[{"href":"https:\/\/www.europesays.com\/fr\/wp-json\/wp\/v2\/types\/post"}],"author":[{"embeddable":true,"href":"https:\/\/www.europesays.com\/fr\/wp-json\/wp\/v2\/users\/2"}],"replies":[{"embeddable":true,"href":"https:\/\/www.europesays.com\/fr\/wp-json\/wp\/v2\/comments?post=248721"}],"version-history":[{"count":0,"href":"https:\/\/www.europesays.com\/fr\/wp-json\/wp\/v2\/posts\/248721\/revisions"}],"wp:featuredmedia":[{"embeddable":true,"href":"https:\/\/www.europesays.com\/fr\/wp-json\/wp\/v2\/media\/248722"}],"wp:attachment":[{"href":"https:\/\/www.europesays.com\/fr\/wp-json\/wp\/v2\/media?parent=248721"}],"wp:term":[{"taxonomy":"category","embeddable":true,"href":"https:\/\/www.europesays.com\/fr\/wp-json\/wp\/v2\/categories?post=248721"},{"taxonomy":"post_tag","embeddable":true,"href":"https:\/\/www.europesays.com\/fr\/wp-json\/wp\/v2\/tags?post=248721"}],"curies":[{"name":"wp","href":"https:\/\/api.w.org\/{rel}","templated":true}]}}