{"id":248723,"date":"2025-07-14T05:56:09","date_gmt":"2025-07-14T05:56:09","guid":{"rendered":"https:\/\/www.europesays.com\/fr\/248723\/"},"modified":"2025-07-14T05:56:09","modified_gmt":"2025-07-14T05:56:09","slug":"1985-annee-culte-pour-la-litterature-autant-en-emporte-la-bicyclette","status":"publish","type":"post","link":"https:\/\/www.europesays.com\/fr\/248723\/","title":{"rendered":"1985, ann\u00e9e culte pour la litt\u00e9rature\u2026 Autant en emporte la bicyclette"},"content":{"rendered":"<p>R\u00e9gine Deforges, sa <a href=\"https:\/\/www.latribune.fr\/supplement\/la-tribune-now\/teebike-vise-le-reconditionnement-de-bicyclettes-886829.html\" target=\"_blank\" rel=\"noopener\">bicyclette<\/a> bleue, son h\u00e9ro\u00efne, L\u00e9a, sont au sommet de leur gloire et r\u00e8gnent sur le classement des meilleures ventes de livres en <a href=\"https:\/\/www.latribune.fr\/idees\/tribunes\/opinion-redonner-a-la-france-son-dynamisme-economique-1029387.html\" target=\"_blank\" rel=\"noopener\">France<\/a>. Pourtant, la romanci\u00e8re \u00e9crit dans son journal : \u00ab\u202fJ&rsquo;ai l&rsquo;impression d&rsquo;\u00eatre constamment en retrait, de participer \u00e0 la pi\u00e8ce en spectateur : c&rsquo;est tr\u00e8s inconfortable ! Ajouter \u00e0 cela, ma peur, mes doutes, sur moi, sur mon talent. La grande question : ai-je du talent ? Suis-je un bon \u00e9crivain ? Que j&rsquo;aie \u00e9crit tous ces livres qui ont tant de succ\u00e8s me fait douter de leurs qualit\u00e9s profondes. Apr\u00e8s tout, je suis assez proche de ceux qui pensent qu&rsquo;un livre qui marche est souvent un livre m\u00e9diocre puisqu&rsquo;il pla\u00eet au plus grand nombre. Ce d\u00e9sir d&rsquo;\u00e9litisme ! C&rsquo;est minable, j&rsquo;en conviens !\u202f\u00bb<\/p>\n<p>Tout avait commenc\u00e9 cinq ans auparavant par une de ces id\u00e9es saugrenues dont le milieu de l&rsquo;\u00e9dition \u00e9tait (et demeure) coutumier. Jean-Pierre Ramsay, fondateur et directeur de la maison du m\u00eame nom, imagine cr\u00e9er une collection de livres \u00e9crits par des auteurs contemporains dont chaque titre s&rsquo;inspirerait de chefs-d&rsquo;\u0153uvre du pass\u00e9. Ainsi, \u00e0 titre d&rsquo;exemple, propose-t-il d&rsquo;abord au regrett\u00e9 Bertrand Poirot-Delpech de \u00ab\u202frelire\u202f\u00bb La Dame aux cam\u00e9lias. Puis il se tourne vers R\u00e9gine Deforges, la \u00ab\u202fgrande scandaleuse\u202f\u00bb des lettres fran\u00e7aises, moins pour son \u0153uvre il est vrai, lue et connue d&rsquo;un c\u00e9nacle encore relativement restreint, que pour son travail d&rsquo;\u00e9ditrice, notamment aupr\u00e8s de celui qui a longtemps \u00e9t\u00e9 son compagnon, Jean-Jacques Pauvert.<\/p>\n","protected":false},"excerpt":{"rendered":"R\u00e9gine Deforges, sa bicyclette bleue, son h\u00e9ro\u00efne, L\u00e9a, sont au sommet de leur gloire et r\u00e8gnent sur le&hellip;\n","protected":false},"author":2,"featured_media":248724,"comment_status":"","ping_status":"","sticky":false,"template":"","format":"standard","meta":{"footnotes":""},"categories":[1357],"tags":[38898,17,5648,36731,1379,7016,58,28668,59,1011,27,3102,1351,1380,471],"class_list":{"0":"post-248723","1":"post","2":"type-post","3":"status-publish","4":"format-standard","5":"has-post-thumbnail","7":"category-livres","8":"tag-38898","9":"tag-17","10":"tag-annee","11":"tag-autant","12":"tag-books","13":"tag-culte","14":"tag-divertissement","15":"tag-emporte","16":"tag-entertainment","17":"tag-fr","18":"tag-france","19":"tag-la-tribune-dimanche","20":"tag-litterature","21":"tag-livres","22":"tag-pour"},"share_on_mastodon":{"url":"https:\/\/pubeurope.com\/@fr\/114850049775409019","error":""},"_links":{"self":[{"href":"https:\/\/www.europesays.com\/fr\/wp-json\/wp\/v2\/posts\/248723","targetHints":{"allow":["GET"]}}],"collection":[{"href":"https:\/\/www.europesays.com\/fr\/wp-json\/wp\/v2\/posts"}],"about":[{"href":"https:\/\/www.europesays.com\/fr\/wp-json\/wp\/v2\/types\/post"}],"author":[{"embeddable":true,"href":"https:\/\/www.europesays.com\/fr\/wp-json\/wp\/v2\/users\/2"}],"replies":[{"embeddable":true,"href":"https:\/\/www.europesays.com\/fr\/wp-json\/wp\/v2\/comments?post=248723"}],"version-history":[{"count":0,"href":"https:\/\/www.europesays.com\/fr\/wp-json\/wp\/v2\/posts\/248723\/revisions"}],"wp:featuredmedia":[{"embeddable":true,"href":"https:\/\/www.europesays.com\/fr\/wp-json\/wp\/v2\/media\/248724"}],"wp:attachment":[{"href":"https:\/\/www.europesays.com\/fr\/wp-json\/wp\/v2\/media?parent=248723"}],"wp:term":[{"taxonomy":"category","embeddable":true,"href":"https:\/\/www.europesays.com\/fr\/wp-json\/wp\/v2\/categories?post=248723"},{"taxonomy":"post_tag","embeddable":true,"href":"https:\/\/www.europesays.com\/fr\/wp-json\/wp\/v2\/tags?post=248723"}],"curies":[{"name":"wp","href":"https:\/\/api.w.org\/{rel}","templated":true}]}}