{"id":248738,"date":"2025-07-14T06:07:10","date_gmt":"2025-07-14T06:07:10","guid":{"rendered":"https:\/\/www.europesays.com\/fr\/248738\/"},"modified":"2025-07-14T06:07:10","modified_gmt":"2025-07-14T06:07:10","slug":"on-ma-ouvert-les-chakras-et-jai-fait-un-virage-a-180-degres-quand-les-militaires-se-reconvertissent","status":"publish","type":"post","link":"https:\/\/www.europesays.com\/fr\/248738\/","title":{"rendered":"\u00ab\u00a0On m\u2019a ouvert les chakras et j\u2019ai fait un virage \u00e0 180 degr\u00e9s\u00a0\u00bb\u2026 Quand les militaires se reconvertissent"},"content":{"rendered":"<p> \u00abRetourn\u00e9 dans la vie civile apr\u00e8s vingt-et-un ans dans l\u2019arm\u00e9e, une courte exp\u00e9rience en start-up puis l\u2019envoi de 200\u00a0CV sans aucune r\u00e9ponse, je me demandais ce qui n\u2019allait pas.\u00a0\u00bb C\u00e9dric B., 46 ans, habitant en r\u00e9gion Provence-Alpes-C\u00f4te d\u2019Azur, est un ancien commando marine et ancien nageur de combat de l\u2019arm\u00e9e fran\u00e7aise.<\/p>\n<p>En\u00a02018, \u00ab\u00a0d\u00e9\u00e7u de l\u2019arm\u00e9e\u00a0\u00bb et avec \u00ab\u00a0l\u2019envie d\u2019autre chose\u00a0\u00bb, il quitte l\u2019institution pour rejoindre une connaissance dans une start-up sp\u00e9cialis\u00e9e dans la d\u00e9compression sous-marine. \u00ab\u00a0Il y avait beaucoup d\u2019ambition\u2026 mais pas beaucoup d\u2019argent, et encore moins de vision commerciale\u00a0\u00bb, r\u00e9sume-t-il. L\u2019affaire tourne court. A bout de sept mois, un licenciement et l\u2019impression \u00ab\u00a0d\u2019arriver en plein d\u00e9sert\u00a0\u00bb. Pour C\u00e9dric, une question devient lancinante au fil des mois\u00a0: \u00ab\u00a0Qu\u2019est-ce que je sais faire dans le monde civil\u00a0?\u00a0\u00bb.<\/p>\n<p>Environ 26.000 d\u00e9parts chaque ann\u00e9e<\/p>\n<p>Pour une grande majorit\u00e9 des militaires, vient le jour du retour \u00e0 la vie civile apr\u00e8s un, deux, dix ou vingt ans dans les arm\u00e9es fran\u00e7aises. Chaque ann\u00e9e, <a href=\"https:\/\/www.defense.gouv.fr\/sga\/actualites\/panorama-politique-rh-du-ministere-armees\" target=\"_blank\" class=\"color-ultramarine c-link\" rel=\"nofollow noopener\">quelque 26.000 militaires,<\/a> sur un effectif total d\u2019un peu plus de 200.000, quittent les rangs pour entamer une nouvelle vie professionnelle.<\/p>\n<p>Pour les accompagner dans cette p\u00e9riode de transition, il existe <a href=\"https:\/\/www.defense.gouv.fr\/defense-mobilite\" rel=\"nofollow noopener\" target=\"_blank\" class=\"color-ultramarine c-link\">D\u00e9fense mobilit\u00e9<\/a>, le service de reconversion des militaires du minist\u00e8re des arm\u00e9es, ou encore des cabinets comme P\u00e9pite. \u00ab\u00a0Le profil des militaires qui passent chez nous, c\u2019est la trentaine d\u2019ann\u00e9es, dont une dizaine dans l\u2019arm\u00e9e\u00a0\u00bb, r\u00e9sume Cl\u00e9ment T\u00eatu, fondateur du <a href=\"https:\/\/www.linkedin.com\/company\/pepite-work\/?originalSubdomain=fr\" rel=\"nofollow noopener\" target=\"_blank\" class=\"color-ultramarine c-link\">cabinet de recrutement<\/a>. Selon cet ancien des forces sp\u00e9ciales, les entreprises ont tout \u00e0 gagner \u00e0 recruter des militaires, des personnes aux \u00ab\u00a0nombreuses qualit\u00e9s, que ce soit le travail bien fait, la conscience professionnelle, la gestion du stress ou la rigueur\u00a0\u00bb. Mais qui ont aussi deux d\u00e9fauts\u00a0: \u00ab\u00a0ils ne savent pas se vendre\u00a0! Et ils n\u2019ont pas connaissance de l\u2019\u00e9tendue des m\u00e9tiers dans lesquels leurs comp\u00e9tences sont recherch\u00e9es\u00a0\u00bb, sourit Cl\u00e9ment T\u00eatu. A lui et son \u00e9quipe d\u2019accompagner, de \u00ab\u00a0vulgariser\u00a0\u00bb des CV aux comp\u00e9tences parfois hypersp\u00e9cialis\u00e9es, d\u2019entra\u00eener les candidats aux entretiens, ou encore les aiguillonner vers des secteurs et des entreprises pr\u00eates \u00e0 reconna\u00eetre leur potentiel.<\/p>\n<p>Du renseignement aux services d\u2019aide \u00e0 la personne<\/p>\n<p>Selon Cl\u00e9ment T\u00eatu, les militaires suivis par son cabinet se reconvertissent majoritairement vers la <a href=\"https:\/\/www.20minutes.fr\/search?q=logistique+#gsc.tab=0&amp;gsc.q=logistique%20&amp;gsc.page=1\" class=\"color-ultramarine c-link\" rel=\"nofollow noopener\" target=\"_blank\">logistique et les transports<\/a>, l\u2019industrie, puis la <a href=\"https:\/\/www.20minutes.fr\/societe\/4065333-20231205-reserver-bodyguard-comme-commande-uber-nicois-veut-democratiser-securite-privee\" class=\"color-ultramarine c-link\" rel=\"nofollow noopener\" target=\"_blank\">s\u00e9curit\u00e9 priv\u00e9e<\/a>. Et parfois dans des secteurs qui paraissent tr\u00e8s \u00e9loign\u00e9s de la vie en uniforme. \u00ab\u00a0Chez P\u00e9pite, on m\u2019a ouvert les <a href=\"https:\/\/fr.wikipedia.org\/wiki\/Chakra\" rel=\"nofollow noopener\" target=\"_blank\" class=\"color-ultramarine c-link\">chakras<\/a>, et j\u2019ai fait un virage \u00e0 180\u00b0 degr\u00e9s professionnellement\u00a0\u00bb, raconte Kilian, 37 ans, dont dix-huit ans dans l\u2019arm\u00e9e, essentiellement dans le renseignement.<\/p>\n<\/p>\n<p>Depuis trois ans, l\u2019ancien militaire manage une \u00e9quipe d\u2019une dizaine de personnes dans une agence de <a href=\"https:\/\/www.20minutes.fr\/economie\/4054515-20231002-services-personne-pourquoi-certaines-regions-plus-plus-tension\" class=\"color-ultramarine c-link\" rel=\"nofollow noopener\" target=\"_blank\">services d\u2019aide \u00e0 la personne<\/a> \u00e0 Paris. \u00ab\u00a0J\u2019ai d\u00e9couvert la partie commerciale ou le recrutement. Mais au quotidien, je mets en \u0153uvre des choses apprises \u00e0 l\u2019arm\u00e9e comme la gestion des coups de chaud, avec le remplacement de personnels \u00e0 la derni\u00e8re minute, mais aussi la disponibilit\u00e9, ou l\u2019envie de faire un bon travail pour que les b\u00e9n\u00e9ficiaires aient un service de qualit\u00e9\u00a0\u00bb, liste-t-il.<\/p>\n<p>\u00ab\u00a0Prenez le temps de la formation\u00a0\u00bb<\/p>\n<p>Pour C\u00e9dric, l\u2019ancien nageur de combat, son passage chez P\u00e9pite est aussi le temps de la r\u00e9v\u00e9lation. Apr\u00e8s son exp\u00e9rience en start-up puis dans un centre de plong\u00e9e, il contacte le cabinet. \u00ab\u00a0On a eu de grosses discussions. Ils m\u2019ont aid\u00e9 \u00e0 civiliser mon CV. Et fait d\u00e9couvrir un secteur auquel je ne pensais pas du tout\u00a0: la logistique\u00a0\u00bb. L\u2019ancien militaire est recrut\u00e9 peu apr\u00e8s pour diriger un site avec\u00a0120 personnes au plus fort de l\u2019activit\u00e9. Ses comp\u00e9tences en coordination, gestion d\u2019\u00e9quipe et de logique sont rapidement reconnues.<\/p>\n<p><a href=\"https:\/\/www.20minutes.fr\/vie-pro\/\" class=\"c-link c-btn c-btn--primary\" rel=\"nofollow noopener\" target=\"_blank\">Notre rubrique Vie pro<\/a><\/p>\n<p>Apr\u00e8s deux ans, puis une courte exp\u00e9rience dans une compagnie d\u2019exploration maritime, l\u2019ancien militaire s\u2019appr\u00eate \u00e0 rejoindre en ao\u00fbt la direction d\u2019un site de valorisation des d\u00e9chets. Quant \u00e0 Kilian, le trentenaire souhaite se former encore un \u00e0 deux ans dans son entreprise avant de voguer vers de nouveaux horizons. Pour les militaires qui aujourd\u2019hui pensent \u00e0 la reconversion, il conseille\u00a0: \u00ab\u00a0Prenez le temps de la formation plut\u00f4t que rejoindre un emploi d\u00e8s la r\u00e9siliation du contrat d\u2019engagement. Faites les choses pour vous\u00a0!\u00a0\u00bb<\/p>\n","protected":false},"excerpt":{"rendered":"\u00abRetourn\u00e9 dans la vie civile apr\u00e8s vingt-et-un ans dans l\u2019arm\u00e9e, une courte exp\u00e9rience en start-up puis l\u2019envoi de&hellip;\n","protected":false},"author":2,"featured_media":248739,"comment_status":"","ping_status":"","sticky":false,"template":"","format":"standard","meta":{"footnotes":""},"categories":[2],"tags":[10915,47,11,1813,25702,6687,4768,1011,27,38901,662,2726,6128,567,12,883,626,2571,12633,7099,104,2049,5761],"class_list":{"0":"post-248738","1":"post","2":"type-post","3":"status-publish","4":"format-standard","5":"has-post-thumbnail","7":"category-actualites","8":"tag-14-juillet","9":"tag-actualite","10":"tag-actualites","11":"tag-armee","12":"tag-armee-de-lair","13":"tag-carriere-professionnel","14":"tag-fete","15":"tag-fr","16":"tag-france","17":"tag-handicapes","18":"tag-ile-de-france","19":"tag-logistique","20":"tag-marine","21":"tag-marine-nationale","22":"tag-news","23":"tag-paca","24":"tag-paris","25":"tag-personnes-agees","26":"tag-reconversion-professionnelle","27":"tag-recrutement","28":"tag-societe","29":"tag-soldat","30":"tag-vie-pro"},"share_on_mastodon":{"url":"https:\/\/pubeurope.com\/@fr\/114850092936784484","error":""},"_links":{"self":[{"href":"https:\/\/www.europesays.com\/fr\/wp-json\/wp\/v2\/posts\/248738","targetHints":{"allow":["GET"]}}],"collection":[{"href":"https:\/\/www.europesays.com\/fr\/wp-json\/wp\/v2\/posts"}],"about":[{"href":"https:\/\/www.europesays.com\/fr\/wp-json\/wp\/v2\/types\/post"}],"author":[{"embeddable":true,"href":"https:\/\/www.europesays.com\/fr\/wp-json\/wp\/v2\/users\/2"}],"replies":[{"embeddable":true,"href":"https:\/\/www.europesays.com\/fr\/wp-json\/wp\/v2\/comments?post=248738"}],"version-history":[{"count":0,"href":"https:\/\/www.europesays.com\/fr\/wp-json\/wp\/v2\/posts\/248738\/revisions"}],"wp:featuredmedia":[{"embeddable":true,"href":"https:\/\/www.europesays.com\/fr\/wp-json\/wp\/v2\/media\/248739"}],"wp:attachment":[{"href":"https:\/\/www.europesays.com\/fr\/wp-json\/wp\/v2\/media?parent=248738"}],"wp:term":[{"taxonomy":"category","embeddable":true,"href":"https:\/\/www.europesays.com\/fr\/wp-json\/wp\/v2\/categories?post=248738"},{"taxonomy":"post_tag","embeddable":true,"href":"https:\/\/www.europesays.com\/fr\/wp-json\/wp\/v2\/tags?post=248738"}],"curies":[{"name":"wp","href":"https:\/\/api.w.org\/{rel}","templated":true}]}}