{"id":248746,"date":"2025-07-14T06:13:13","date_gmt":"2025-07-14T06:13:13","guid":{"rendered":"https:\/\/www.europesays.com\/fr\/248746\/"},"modified":"2025-07-14T06:13:13","modified_gmt":"2025-07-14T06:13:13","slug":"impots-une-plateforme-va-sinstaller-a-toulon","status":"publish","type":"post","link":"https:\/\/www.europesays.com\/fr\/248746\/","title":{"rendered":"Imp\u00f4ts : une plateforme va s\u2019installer \u00e0 Toulon"},"content":{"rendered":"<p>une question aux imp\u00f4ts ? C\u2019est peut-\u00eatre bient\u00f4t un Varois qui vous r\u00e9pondra au t\u00e9l\u00e9phone ou qui apportera par \u00e9crit une r\u00e9ponse \u00e0 votre demande formul\u00e9e sur la plateforme en ligne <a href=\"http:\/\/impots.gouv.fr\" target=\"_blank\" rel=\"noopener\">impots.gouv.fr<\/a><\/p>\n<p>Dans le cadre de la mise en \u0153uvre du Nouveau r\u00e9seau de proximit\u00e9 (NRP), la ministre des Comptes publics, Am\u00e9lie de Montchalin, a pr\u00e9sent\u00e9 cette semaine une nouvelle \u00e9tape, dans le cadre d\u2019un plan critiqu\u00e9 de longue date par les organisations syndicales qui pointent du doigt ses cons\u00e9quences sur l\u2019emploi.<\/p>\n<p>Au programme: l\u2019ouverture de sept nouveaux sites \u00e0 partir de 2026 qui n\u2019accueilleront pas de public, mais seront charg\u00e9s de la gestion des appels t\u00e9l\u00e9phoniques et des demandes des usagers via impots.gouv.fr, ainsi que de certaines d\u00e9marches simples de gestion de dossiers. Au total, quelque 330 emplois seront \u00ab\u00a0red\u00e9ploy\u00e9s\u00a0\u00bb et r\u00e9partis au sein de ces nouvelles structures, install\u00e9s notamment \u00e0 Parthenay, dans les Deux-S\u00e8vres, \u00e0 Toulon dans le Var ou encore \u00e0 La R\u00e9union.<\/p>\n<p><strong>Drames humains<\/strong><\/p>\n<p>Cette pr\u00e9sentation intervient alors qu\u2019une r\u00e9union a lieu \u00e0 Bercy pour \u00e9voquer avec les organisations syndicales plusieurs pistes de mesures en r\u00e9action \u00e0 des d\u00e9c\u00e8s par suicide qui affectent l\u2019administration fiscale.<\/p>\n<p>En six mois, 13 agents de la DGFIP se sont suicid\u00e9s sur 95.000 agents au total: c\u2019est autant que la moyenne fran\u00e7aise sur une ann\u00e9e enti\u00e8re, qui s\u2019\u00e9tablit \u00e0 13 suicides pour 100.000 habitants en 2021, selon des donn\u00e9es de Sant\u00e9 publique France.<\/p>\n<p>Sur l\u2019emploi \u00e0 la DGFIP, Am\u00e9lie de Montchalin a estim\u00e9 que des \u00ab\u00a0efforts extr\u00eamement importants\u00a0\u00bb avaient \u00e9t\u00e9 faits dans cette administration qui a perdu 25% de ses effectifs depuis quinze ans, a soulign\u00e9 la ministre. Un \u00ab\u00a0plan triennal\u00a0\u00bb lanc\u00e9 en 2025 doit aboutir \u00e0 supprimer 1.500 \u00e0 1.600 postes, a-t-elle rappel\u00e9, dont 550 emplois supprim\u00e9s en 2025.<\/p>\n<p>Au sujet des cas de suicides, elle a indiqu\u00e9 que des enqu\u00eates \u00e9taient syst\u00e9matiquement ouvertes, y compris \u00ab\u00a0quand il n\u2019y a pas de lien apparent avec le travail \u00a0\u00bb et peuvent impliquer les services de police. \u00ab\u00a0\u00c0 ce stade, aucun de ces suicides n\u2019est directement li\u00e9 sp\u00e9cifiquement \u00e0 des enjeux li\u00e9s aux conditions de travail ou \u00e0 des \u00e9v\u00e9nements sur le lieu de travail \u00ab\u00a0, a-t-elle ajout\u00e9.<\/p>\n","protected":false},"excerpt":{"rendered":"une question aux imp\u00f4ts ? C\u2019est peut-\u00eatre bient\u00f4t un Varois qui vous r\u00e9pondra au t\u00e9l\u00e9phone ou qui apportera&hellip;\n","protected":false},"author":2,"featured_media":248747,"comment_status":"","ping_status":"","sticky":false,"template":"","format":"standard","meta":{"footnotes":""},"categories":[9619],"tags":[1111,11,33,1777,674,1011,27,12,882,25,2310,3366],"class_list":{"0":"post-248746","1":"post","2":"type-post","3":"status-publish","4":"format-standard","5":"has-post-thumbnail","7":"category-toulon","8":"tag-actu","9":"tag-actualites","10":"tag-economie","11":"tag-eu","12":"tag-europe","13":"tag-fr","14":"tag-france","15":"tag-news","16":"tag-provence-alpes-cote-dazur","17":"tag-republique-francaise","18":"tag-toulon","19":"tag-vie-locale"},"share_on_mastodon":{"url":"https:\/\/pubeurope.com\/@fr\/114850116588748375","error":""},"_links":{"self":[{"href":"https:\/\/www.europesays.com\/fr\/wp-json\/wp\/v2\/posts\/248746","targetHints":{"allow":["GET"]}}],"collection":[{"href":"https:\/\/www.europesays.com\/fr\/wp-json\/wp\/v2\/posts"}],"about":[{"href":"https:\/\/www.europesays.com\/fr\/wp-json\/wp\/v2\/types\/post"}],"author":[{"embeddable":true,"href":"https:\/\/www.europesays.com\/fr\/wp-json\/wp\/v2\/users\/2"}],"replies":[{"embeddable":true,"href":"https:\/\/www.europesays.com\/fr\/wp-json\/wp\/v2\/comments?post=248746"}],"version-history":[{"count":0,"href":"https:\/\/www.europesays.com\/fr\/wp-json\/wp\/v2\/posts\/248746\/revisions"}],"wp:featuredmedia":[{"embeddable":true,"href":"https:\/\/www.europesays.com\/fr\/wp-json\/wp\/v2\/media\/248747"}],"wp:attachment":[{"href":"https:\/\/www.europesays.com\/fr\/wp-json\/wp\/v2\/media?parent=248746"}],"wp:term":[{"taxonomy":"category","embeddable":true,"href":"https:\/\/www.europesays.com\/fr\/wp-json\/wp\/v2\/categories?post=248746"},{"taxonomy":"post_tag","embeddable":true,"href":"https:\/\/www.europesays.com\/fr\/wp-json\/wp\/v2\/tags?post=248746"}],"curies":[{"name":"wp","href":"https:\/\/api.w.org\/{rel}","templated":true}]}}