{"id":248750,"date":"2025-07-14T06:17:16","date_gmt":"2025-07-14T06:17:16","guid":{"rendered":"https:\/\/www.europesays.com\/fr\/248750\/"},"modified":"2025-07-14T06:17:16","modified_gmt":"2025-07-14T06:17:16","slug":"100-000-personnes-sont-attendues-pres-de-rouen-en-septembre","status":"publish","type":"post","link":"https:\/\/www.europesays.com\/fr\/248750\/","title":{"rendered":"100 000 personnes sont attendues pr\u00e8s de Rouen en septembre"},"content":{"rendered":"<p>            Par<br \/>\n        <strong><br \/>\n            <a href=\"https:\/\/actu.fr\/auteur\/isabellevilly\" title=\"Consulter tous les articles de Isabelle Villy\" rel=\"nofollow noopener\" target=\"_blank\">Isabelle Villy<\/a><br \/>\n        <\/strong><\/p>\n<p>        Publi\u00e9 le<\/p>\n<p>            14 juil. 2025 \u00e0 7h46        <\/p>\n<p><strong>C\u2019est l\u2019\u00e9v\u00e9nement de la rentr\u00e9e :<\/strong> les 12, 13 et 14 septembre, <a href=\"https:\/\/actu.fr\/loisirs-culture\/le-plus-grand-evenement-agricole-en-plein-air-d-europe-debarque-pres-de-rouen_60847091.html\" rel=\"nofollow noopener\" target=\"_blank\">les Terres de Jim 2025<\/a> <strong>organisent leur f\u00eate agricole g\u00e9ante<\/strong> en plein air, et cette ann\u00e9e, c\u2019est en Normandie qu\u2019elle aura lieu, \u00e0 Vieux-Manoir pr\u00e9cis\u00e9ment. Vendredi 27 juin, les Jeunes agriculteurs \u00e9taient convi\u00e9s par le pr\u00e9sident de Terres de Jim, Jean Puech d\u2019Alissac, pour un point d\u2019\u00e9tape dans l\u2019organisation de ces trois jours o\u00f9 le monde de l\u2019agriculture et la Normandie seront sous le feu des projecteurs.<\/p>\n<p>Pr\u00e8s de 100 000 visiteurs attendus<\/p>\n<p class=\" wall-content\"><strong>Pr\u00e8s de 100 000\u00a0visiteurs<\/strong> sont attendus pour cette grande f\u00eate qui se d\u00e9roulera sur 90 hectares, avec de nombreuses animations qui ne s\u2019adresseront pas exclusivement aux professionnels de l\u2019agriculture.<\/p>\n<p class=\" wall-content\">\u00ab Terres de Jim, c\u2019est le Salon de l\u2019Agriculture en plein air : l\u2019occasion de faire d\u00e9couvrir au grand public l\u2019agriculture sous toutes ses formes \u00bb, pr\u00e9sente Jean Puech d\u2019Alissac, qui souligne que l\u2019agriculture est essentielle en Normandie. Ces trois journ\u00e9es \u00e0 Vieux-Manoir seront donc une formidable occasion de montrer \u00e0 tous les savoir-faire de toute une profession.<\/p>\n<p>Concours de moissonneuses batteuses<\/p>\n<p class=\" wall-content\">Concours de moissonneuses-batteuses, tracteur pulling, courses de tracteurs tondeuses, d\u00e9monstration de battage \u00e0 l\u2019ancienne, concours de races animales (300 bovins, mais aussi 200 volailles et une cinquantaine de chevaux seront sur le site) et \u00e9videmment, l\u2019incontournable finale nationale de labours, le fil rouge de l\u2019\u00e9v\u00e9nement, seront au programme, mais pas seulement.<\/p>\n<p>Des concerts pour attirer un large public<\/p>\n<p class=\" wall-content\">\u00ab Il y aura des concerts, comme\u00a0Boney M Legend et Let Dzur le vendredi soir, ou encore Black M et le Collectif M\u00e9tiss\u00e9 le samedi : il faut mettre le paquet pour attirer le public \u00bb, annonce le pr\u00e9sident, qui indique par ailleurs que le vendredi soir, une tentative de battre le record du monde du plus grand Madison sera propos\u00e9e : ambiance festive garantie !<\/p>\n<p class=\" wall-content\">Un labyrinthe dans un champ de ma\u00efs devait \u00e9galement agr\u00e9menter ces journ\u00e9es, mais pour l\u2019heure, l\u2019animation est en suspens : les orages successifs qui se sont abattus fin juin, d\u00e9but juillet sur la Seine-Maritime ont en effet endommag\u00e9 les cultures et il faut aujourd\u2019hui attendre pour savoir si elles pourront malgr\u00e9 tout pousser.<\/p>\n<blockquote class=\"ac-article-quote wall-content\">\n<p>Mettre en \u00e9vidence le manger local et des produits de qualit\u00e9.<\/p>\n<p>Jean Puech d\u2019Alissac<\/p><\/blockquote>\n<p class=\" wall-content\">Autre grand moment de ces trois jours, un march\u00e9 fermier et artisanal avec un point restauration : les organisateurs comptent servir 35 000 repas sur les trois jours. \u00ab Ce sera le moment de mettre en \u00e9vidence le manger local et de mettre en avant des produits de qualit\u00e9 \u00bb, souligne Jean Puech d\u2019Alissac.<\/p>\n<p>Les organisateurs ont besoin de b\u00e9n\u00e9voles<\/p>\n<p class=\" wall-content\">Pour l\u2019heure, les jeunes agriculteurs continuent donc de peaufiner ce grand rendez-vous et ils ont besoin de b\u00e9n\u00e9voles, notamment pour la restauration : \u00ab plus de mille b\u00e9n\u00e9voles vont \u00eatre n\u00e9cessaires pour les trois jours : tout le monde peut nous rejoindre \u00bb, souligne le pr\u00e9sident, qui pr\u00e9cise qu\u2019actuellement, quatre cents b\u00e9n\u00e9voles sont d\u00e9j\u00e0 mobilis\u00e9s.<\/p>\n<p>Terres de Jim 2025, \u00e0 Vieux Manoir, les 12,13 et 14 septembre : \u00e0 20 minutes de Rouen en voiture (parking gratuit), possibilit\u00e9 de venir en train jusqu\u2019\u00e0 la gare de Longuerue.\u00a0 Tarifs d\u2019entr\u00e9e sur le site : 6 euros de 10h \u00e0 18h, gratuit moins de 12 ans. Pour les soir\u00e9es concert, toutes les infos \u00e0 retrouver sur le site : www.lesterresdejim.com (possibilit\u00e9 de r\u00e9servation en ligne, avec diff\u00e9rentes formules).\u00a0<\/p>\n<p>Suivez l\u2019actualit\u00e9 de Rouen <a href=\"https:\/\/www.whatsapp.com\/channel\/0029VaKfnf99hXF2ddApFB1D\" rel=\"nofollow noopener\" target=\"_blank\">sur notre cha\u00eene WhatsApp<\/a> et <a href=\"https:\/\/www.tiktok.com\/@76actu.fr?lang=fr\" rel=\"nofollow noopener\" target=\"_blank\">sur notre compte TikTok<\/a><\/p>\n<p class=\" wall-content\">Suivez toute l\u2019actualit\u00e9 de vos villes et m\u00e9dias favoris en vous inscrivant \u00e0 <a href=\"https:\/\/moncompte.actu.fr\" title=\"D\u00e9couvez Mon Actu\" rel=\"nofollow noopener\" data-trk=\"{&quot;cta&quot;:{&quot;action&quot;:&quot;https:\\\/\\\/moncompte.actu.fr&quot;,&quot;category&quot;:&quot;mon compte&quot;,&quot;from&quot;:&quot;article footer&quot;,&quot;name&quot;:&quot;Mon actu&quot;,&quot;type&quot;:&quot;cta&quot;}}\" target=\"_blank\">Mon Actu<\/a>.<\/p>\n<p>                    <script async src=\"\/\/www.tiktok.com\/embed.js\"><\/script><\/p>\n","protected":false},"excerpt":{"rendered":"Par Isabelle Villy Publi\u00e9 le 14 juil. 2025 \u00e0 7h46 C\u2019est l\u2019\u00e9v\u00e9nement de la rentr\u00e9e : les 12,&hellip;\n","protected":false},"author":2,"featured_media":248751,"comment_status":"","ping_status":"","sticky":false,"template":"","format":"standard","meta":{"footnotes":""},"categories":[9587],"tags":[1111,11,327,1777,674,1011,27,1652,12,5161,25,9590],"class_list":{"0":"post-248750","1":"post","2":"type-post","3":"status-publish","4":"format-standard","5":"has-post-thumbnail","7":"category-rouen","8":"tag-actu","9":"tag-actualites","10":"tag-agriculture","11":"tag-eu","12":"tag-europe","13":"tag-fr","14":"tag-france","15":"tag-loisirs-culture","16":"tag-news","17":"tag-normandie","18":"tag-republique-francaise","19":"tag-rouen"},"share_on_mastodon":{"url":"https:\/\/pubeurope.com\/@fr\/114850132483066111","error":""},"_links":{"self":[{"href":"https:\/\/www.europesays.com\/fr\/wp-json\/wp\/v2\/posts\/248750","targetHints":{"allow":["GET"]}}],"collection":[{"href":"https:\/\/www.europesays.com\/fr\/wp-json\/wp\/v2\/posts"}],"about":[{"href":"https:\/\/www.europesays.com\/fr\/wp-json\/wp\/v2\/types\/post"}],"author":[{"embeddable":true,"href":"https:\/\/www.europesays.com\/fr\/wp-json\/wp\/v2\/users\/2"}],"replies":[{"embeddable":true,"href":"https:\/\/www.europesays.com\/fr\/wp-json\/wp\/v2\/comments?post=248750"}],"version-history":[{"count":0,"href":"https:\/\/www.europesays.com\/fr\/wp-json\/wp\/v2\/posts\/248750\/revisions"}],"wp:featuredmedia":[{"embeddable":true,"href":"https:\/\/www.europesays.com\/fr\/wp-json\/wp\/v2\/media\/248751"}],"wp:attachment":[{"href":"https:\/\/www.europesays.com\/fr\/wp-json\/wp\/v2\/media?parent=248750"}],"wp:term":[{"taxonomy":"category","embeddable":true,"href":"https:\/\/www.europesays.com\/fr\/wp-json\/wp\/v2\/categories?post=248750"},{"taxonomy":"post_tag","embeddable":true,"href":"https:\/\/www.europesays.com\/fr\/wp-json\/wp\/v2\/tags?post=248750"}],"curies":[{"name":"wp","href":"https:\/\/api.w.org\/{rel}","templated":true}]}}