{"id":248753,"date":"2025-07-14T06:21:13","date_gmt":"2025-07-14T06:21:13","guid":{"rendered":"https:\/\/www.europesays.com\/fr\/248753\/"},"modified":"2025-07-14T06:21:13","modified_gmt":"2025-07-14T06:21:13","slug":"une-voiture-projetee-dans-la-facade-dun-bar-un-incendie-ravage-letablissement","status":"publish","type":"post","link":"https:\/\/www.europesays.com\/fr\/248753\/","title":{"rendered":"une voiture projet\u00e9e dans la fa\u00e7ade d&rsquo;un bar, un incendie ravage l&rsquo;\u00e9tablissement"},"content":{"rendered":"<p>\t\t\t\t\t\t\t\t\t\t\t<img loading=\"lazy\" decoding=\"async\" width=\"1110\" title=\"Grenoble : une voiture projet\u00e9e dans la fa\u00e7ade d'un bar, un incendie ravage l'\u00e9tablissement\" class=\"img-fluid not_lzld mb-3\" src=\"https:\/\/grandgrenoble.alpes1.com\/media\/news\/thumb\/1110x624_grenoble-une-voiture-projetee-dans-la-facade-d-un-bar-un-incendie-ravage-l-etablissement_6874970955d4f.webp\" alt=\"Grenoble : une voiture projet\u00e9e dans la fa\u00e7ade d'un bar, un incendie ravage l'\u00e9tablissement\" itemprop=\"image\" height=\"624\"\/>\t\t\t\t\t\t\t\t\t\t\t\t<\/p>\n<p>Grenoble : une voiture projet\u00e9e dans la fa\u00e7ade d&rsquo;un bar, un incendie ravage l&rsquo;\u00e9tablissement &#8211; DR<\/p>\n<p>Le bar du cours de la Lib\u00e9ration \u00e0 Grenoble a \u00e9t\u00e9 ravag\u00e9 par les flammes dans la nuit de dimanche \u00e0 lundi.<\/p>\n<p>Selon les premiers \u00e9l\u00e9ments, un v\u00e9hicule a \u00e9t\u00e9 projet\u00e9 dans la fa\u00e7ade de l&rsquo;\u00e9tablissement, puis un incendie a \u00e9t\u00e9 d\u00e9clench\u00e9. Les pompiers sont intervenus sur place peu apr\u00e8s 6h du matin, proc\u00e9dant \u00e0 l&rsquo;\u00e9vacuation des riverains et \u00e0 l&rsquo;extinction du sinistre. Les d\u00e9g\u00e2ts sont tr\u00e8s importants \u00e0 l&rsquo;int\u00e9rieur du bar.<\/p>\n<p>Une enqu\u00eate a \u00e9t\u00e9 ouverte afin de retrouver le ou les auteurs de cet acte criminel. Le Dauphin\u00e9 Lib\u00e9r\u00e9 rappelle que mercredi dernier, une fusillade avait \u00e9clat\u00e9 devant le Bizertino, faisant un bless\u00e9 grave. On ne sait pas encore si les deux faits sont li\u00e9s ou non.<\/p>\n","protected":false},"excerpt":{"rendered":"Grenoble : une voiture projet\u00e9e dans la fa\u00e7ade d&rsquo;un bar, un incendie ravage l&rsquo;\u00e9tablissement &#8211; DR Le bar&hellip;\n","protected":false},"author":2,"featured_media":248754,"comment_status":"","ping_status":"","sticky":false,"template":"","format":"standard","meta":{"footnotes":""},"categories":[9566],"tags":[1111,11,7733,8279,2430,7736,650,7734,2889,2263,1777,674,1011,27,2731,8280,6417,1114,108,4662,12,3725,1825,25,7737],"class_list":{"0":"post-248753","1":"post","2":"type-post","3":"status-publish","4":"format-standard","5":"has-post-thumbnail","7":"category-grenoble","8":"tag-actu","9":"tag-actualites","10":"tag-alpes","11":"tag-alpes1","12":"tag-auvergne-rhone-alpes","13":"tag-cds","14":"tag-cinema","15":"tag-ecoute","16":"tag-emission","17":"tag-equipe","18":"tag-eu","19":"tag-europe","20":"tag-fr","21":"tag-france","22":"tag-grenoble","23":"tag-haute","24":"tag-information","25":"tag-infos","26":"tag-isere","27":"tag-journal","28":"tag-news","29":"tag-podcast","30":"tag-radio","31":"tag-republique-francaise","32":"tag-winamp"},"share_on_mastodon":{"url":"https:\/\/pubeurope.com\/@fr\/114850148088684981","error":""},"_links":{"self":[{"href":"https:\/\/www.europesays.com\/fr\/wp-json\/wp\/v2\/posts\/248753","targetHints":{"allow":["GET"]}}],"collection":[{"href":"https:\/\/www.europesays.com\/fr\/wp-json\/wp\/v2\/posts"}],"about":[{"href":"https:\/\/www.europesays.com\/fr\/wp-json\/wp\/v2\/types\/post"}],"author":[{"embeddable":true,"href":"https:\/\/www.europesays.com\/fr\/wp-json\/wp\/v2\/users\/2"}],"replies":[{"embeddable":true,"href":"https:\/\/www.europesays.com\/fr\/wp-json\/wp\/v2\/comments?post=248753"}],"version-history":[{"count":0,"href":"https:\/\/www.europesays.com\/fr\/wp-json\/wp\/v2\/posts\/248753\/revisions"}],"wp:featuredmedia":[{"embeddable":true,"href":"https:\/\/www.europesays.com\/fr\/wp-json\/wp\/v2\/media\/248754"}],"wp:attachment":[{"href":"https:\/\/www.europesays.com\/fr\/wp-json\/wp\/v2\/media?parent=248753"}],"wp:term":[{"taxonomy":"category","embeddable":true,"href":"https:\/\/www.europesays.com\/fr\/wp-json\/wp\/v2\/categories?post=248753"},{"taxonomy":"post_tag","embeddable":true,"href":"https:\/\/www.europesays.com\/fr\/wp-json\/wp\/v2\/tags?post=248753"}],"curies":[{"name":"wp","href":"https:\/\/api.w.org\/{rel}","templated":true}]}}