{"id":248755,"date":"2025-07-14T06:22:21","date_gmt":"2025-07-14T06:22:21","guid":{"rendered":"https:\/\/www.europesays.com\/fr\/248755\/"},"modified":"2025-07-14T06:22:21","modified_gmt":"2025-07-14T06:22:21","slug":"saint-erblon-ou-acheter-son-pain-cet-ete-dans-le-secteur","status":"publish","type":"post","link":"https:\/\/www.europesays.com\/fr\/248755\/","title":{"rendered":"Saint-Erblon. O\u00f9 acheter son pain cet \u00e9t\u00e9 dans le secteur\u00a0?"},"content":{"rendered":"<p>Dans la zone g\u00e9ographique d\u2019Org\u00e8res et Saint-Erblon, on note la pr\u00e9sence de quatre boulangeries. L\u2019\u00e9t\u00e9, certaines ferment pour cong\u00e9s. Il devient difficile de trouver du pain et surtout de savoir o\u00f9 aller en trouver.<\/p>\n<p>La boulangerie Ga\u00eblle et Rapha\u00ebl fermera du premier au 24\u00a0ao\u00fbt et rouvrira le 25\u00a0avec de nouveaux propri\u00e9taires, les horaires seront communiqu\u00e9s ult\u00e9rieurement.<\/p>\n<p>La boutique de David Thomazon sera ferm\u00e9e pour cong\u00e9s du 10 au 24\u00a0juillet inclus. Ils seront ouverts tous les jours pendant les trois premi\u00e8res semaines d\u2019ao\u00fbt aux horaires habituels.<\/p>\n<p>\u00c0 Org\u00e8res, la boulangerie Aux Saveurs d\u2019Antan sera ferm\u00e9e du 7 au 21\u00a0juillet inclus. Elle a aussi de nouveaux horaires\u00a0: du mardi au vendredi\u00a07\u00a0h \u00e0 13\u00a0h, 15\u00a0h\u00a030 \u00e0 19\u00a0h, le samedi\u00a07\u00a0h\u00a030 \u00e0 13\u00a0h et 15\u00a0h \u00e0 18\u00a0h\u00a030. Fermeture dimanche et lundi.<\/p>\n<p>Le Fournil d\u2019Org\u00e8res sera en cong\u00e9s du 8\u00a0ao\u00fbt au 3\u00a0septembre, les horaires restent les m\u00eames, fermeture hebdomadaire le mercredi.<\/p>\n<p><strong>Contacts\u00a0:<\/strong> Boulangerie Thomazon, 9, place de l\u2019\u00c9glise, Saint-Erblon t\u00e9l.\u00a002\u00a099\u00a052\u00a035\u00a009. Boulangerie Ga\u00eblle et Rapha\u00ebl, 4, rue des Pr\u00e9s M\u00eal\u00e9s, Saint-Erblon, t\u00e9l.\u00a002\u00a099\u00a065\u00a017\u00a096. Aux Saveurs d\u2019Antan, 2, place de la Mairie, \u00e0 Org\u00e8res, t\u00e9l.\u00a002\u00a099\u00a005\u00a049\u00a056. Le Fournil d\u2019Org\u00e8res, 8, rue de Rennes, \u00e0 Org\u00e8res, t\u00e9l.\u00a002\u00a099\u00a057\u00a063\u00a009.<\/p>\n<p>\u00a0<\/p>\n","protected":false},"excerpt":{"rendered":"Dans la zone g\u00e9ographique d\u2019Org\u00e8res et Saint-Erblon, on note la pr\u00e9sence de quatre boulangeries. L\u2019\u00e9t\u00e9, certaines ferment pour&hellip;\n","protected":false},"author":2,"featured_media":248756,"comment_status":"","ping_status":"","sticky":false,"template":"","format":"standard","meta":{"footnotes":""},"categories":[2821],"tags":[10409,1111,11,829,2883,1777,674,1011,27,12,6452,584,25,38436,3728,12779],"class_list":{"0":"post-248755","1":"post","2":"type-post","3":"status-publish","4":"format-standard","5":"has-post-thumbnail","7":"category-rennes","8":"tag-acheter","9":"tag-actu","10":"tag-actualites","11":"tag-bretagne","12":"tag-ete","13":"tag-eu","14":"tag-europe","15":"tag-fr","16":"tag-france","17":"tag-news","18":"tag-pain","19":"tag-rennes","20":"tag-republique-francaise","21":"tag-saint-erblon","22":"tag-saint-malo","23":"tag-secteur"},"share_on_mastodon":{"url":"https:\/\/pubeurope.com\/@fr\/114850152006919394","error":""},"_links":{"self":[{"href":"https:\/\/www.europesays.com\/fr\/wp-json\/wp\/v2\/posts\/248755","targetHints":{"allow":["GET"]}}],"collection":[{"href":"https:\/\/www.europesays.com\/fr\/wp-json\/wp\/v2\/posts"}],"about":[{"href":"https:\/\/www.europesays.com\/fr\/wp-json\/wp\/v2\/types\/post"}],"author":[{"embeddable":true,"href":"https:\/\/www.europesays.com\/fr\/wp-json\/wp\/v2\/users\/2"}],"replies":[{"embeddable":true,"href":"https:\/\/www.europesays.com\/fr\/wp-json\/wp\/v2\/comments?post=248755"}],"version-history":[{"count":0,"href":"https:\/\/www.europesays.com\/fr\/wp-json\/wp\/v2\/posts\/248755\/revisions"}],"wp:featuredmedia":[{"embeddable":true,"href":"https:\/\/www.europesays.com\/fr\/wp-json\/wp\/v2\/media\/248756"}],"wp:attachment":[{"href":"https:\/\/www.europesays.com\/fr\/wp-json\/wp\/v2\/media?parent=248755"}],"wp:term":[{"taxonomy":"category","embeddable":true,"href":"https:\/\/www.europesays.com\/fr\/wp-json\/wp\/v2\/categories?post=248755"},{"taxonomy":"post_tag","embeddable":true,"href":"https:\/\/www.europesays.com\/fr\/wp-json\/wp\/v2\/tags?post=248755"}],"curies":[{"name":"wp","href":"https:\/\/api.w.org\/{rel}","templated":true}]}}