{"id":248762,"date":"2025-07-14T06:26:10","date_gmt":"2025-07-14T06:26:10","guid":{"rendered":"https:\/\/www.europesays.com\/fr\/248762\/"},"modified":"2025-07-14T06:26:10","modified_gmt":"2025-07-14T06:26:10","slug":"la-gare-sncf-de-nice-paralysee-ce-lundi-matin-a-cause-dun-bagage-abandonne-des-perturbations-a-prevoir","status":"publish","type":"post","link":"https:\/\/www.europesays.com\/fr\/248762\/","title":{"rendered":"La gare SNCF de Nice paralys\u00e9e ce lundi matin \u00e0 cause d\u2019un bagage abandonn\u00e9, des perturbations \u00e0 pr\u00e9voir"},"content":{"rendered":"<p>Mauvaise surprise pour les voyageurs ce lundi matin.<\/p>\n<p>En raison de la pr\u00e9sence d\u2019un bagage suspect, vraisemblablement oubli\u00e9, la gare SNCF de Nice a \u00e9t\u00e9 ferm\u00e9e par les autorit\u00e9s.<\/p>\n<p>Vers <strong>7h30 du matin<\/strong>, des rubalises ont \u00e9t\u00e9 appos\u00e9es tout autour de la gare. Les voyageurs ont d\u00fb prendre leur mal en patience. <strong>Seul un TGV pour Paris a pu partir,<\/strong> la liaison des trains express r\u00e9gionaux ayant \u00e9t\u00e9 interrompue.<\/p>\n<p>Les<strong> \u00e9quipes de d\u00e9minage \u00e9taient attendues<\/strong>. Des centaines de personnes, \u00e9vacu\u00e9es de l\u2019autre c\u00f4t\u00e9 de la route, attendaient que la situation soit \u00e9claircie.<\/p>\n<p>Les voyageurs du TGV pour Paris ont \u00e9t\u00e9 dirig\u00e9s par le c\u00f4t\u00e9 de la gare pour embarquer.<\/p>\n","protected":false},"excerpt":{"rendered":"Mauvaise surprise pour les voyageurs ce lundi matin. En raison de la pr\u00e9sence d\u2019un bagage suspect, vraisemblablement oubli\u00e9,&hellip;\n","protected":false},"author":2,"featured_media":248763,"comment_status":"","ping_status":"","sticky":false,"template":"","format":"standard","meta":{"footnotes":""},"categories":[2819],"tags":[1111,11,1777,674,1011,27,12,2401,882,25,800],"class_list":{"0":"post-248762","1":"post","2":"type-post","3":"status-publish","4":"format-standard","5":"has-post-thumbnail","7":"category-nice","8":"tag-actu","9":"tag-actualites","10":"tag-eu","11":"tag-europe","12":"tag-fr","13":"tag-france","14":"tag-news","15":"tag-nice","16":"tag-provence-alpes-cote-dazur","17":"tag-republique-francaise","18":"tag-transports"},"share_on_mastodon":{"url":"https:\/\/pubeurope.com\/@fr\/114850167749292357","error":""},"_links":{"self":[{"href":"https:\/\/www.europesays.com\/fr\/wp-json\/wp\/v2\/posts\/248762","targetHints":{"allow":["GET"]}}],"collection":[{"href":"https:\/\/www.europesays.com\/fr\/wp-json\/wp\/v2\/posts"}],"about":[{"href":"https:\/\/www.europesays.com\/fr\/wp-json\/wp\/v2\/types\/post"}],"author":[{"embeddable":true,"href":"https:\/\/www.europesays.com\/fr\/wp-json\/wp\/v2\/users\/2"}],"replies":[{"embeddable":true,"href":"https:\/\/www.europesays.com\/fr\/wp-json\/wp\/v2\/comments?post=248762"}],"version-history":[{"count":0,"href":"https:\/\/www.europesays.com\/fr\/wp-json\/wp\/v2\/posts\/248762\/revisions"}],"wp:featuredmedia":[{"embeddable":true,"href":"https:\/\/www.europesays.com\/fr\/wp-json\/wp\/v2\/media\/248763"}],"wp:attachment":[{"href":"https:\/\/www.europesays.com\/fr\/wp-json\/wp\/v2\/media?parent=248762"}],"wp:term":[{"taxonomy":"category","embeddable":true,"href":"https:\/\/www.europesays.com\/fr\/wp-json\/wp\/v2\/categories?post=248762"},{"taxonomy":"post_tag","embeddable":true,"href":"https:\/\/www.europesays.com\/fr\/wp-json\/wp\/v2\/tags?post=248762"}],"curies":[{"name":"wp","href":"https:\/\/api.w.org\/{rel}","templated":true}]}}