{"id":248767,"date":"2025-07-14T06:32:11","date_gmt":"2025-07-14T06:32:11","guid":{"rendered":"https:\/\/www.europesays.com\/fr\/248767\/"},"modified":"2025-07-14T06:32:11","modified_gmt":"2025-07-14T06:32:11","slug":"pres-de-nantes-dans-lantre-de-lunique-facteur-de-harpes-classiques-en-france","status":"publish","type":"post","link":"https:\/\/www.europesays.com\/fr\/248767\/","title":{"rendered":"Pr\u00e8s de Nantes, dans l\u2019antre de l\u2019unique facteur de harpes classiques en France"},"content":{"rendered":"<p><strong>REPORTAGE<\/strong> &#8211; Implant\u00e9 depuis plus de 50 ans pr\u00e8s d\u2019Ancenis, un discret atelier livre des instruments haut de gamme dans le monde entier. Une activit\u00e9 m\u00e9connue qui sponsorise depuis quelques ann\u00e9es un festival local d\u00e9di\u00e9 \u00e0 la harpe, sous toutes ses formes.<\/p>\n<p class=\"fig-paragraph\">Un maelstrom \u00e2cre de vernis et d\u2019essences d\u2019\u00e9rable et de h\u00eatre surgit au palier de l\u2019atelier. Encore faut-il, pour jouir de cette entr\u00e9e en mati\u00e8re olfactive, trouver son chemin dans le fond du hameau de La Richerais, \u00e0 Mouzeil. Un large b\u00e2timent d\u00e9note dans ce village de\u00a0<a href=\"http:\/\/www.lefigaro.fr\/nantes\/intemperies-crues-inondations-la-sante-mentale-des-maires-ruraux-a-l-epreuve-des-crises-meteo-20250202\" target=\"_blank\" data-fig-type=\"NewsFlash\" rel=\"noopener\" data-gtm-custom-categorie=\"navigation\" data-gtm-custom-action=\"crossclick\" data-gtm-custom-label=\"Contextuel\" data-gtm-event=\"customEventSPE\" data-fig-domain=\"LEFIGARO\">l\u2019arri\u00e8re-campagne de la Loire-Atlantique<\/a>, au centre duquel d\u00e9p\u00e9rissent un arr\u00eat de bus d\u00e9saffect\u00e9 et un\u00a0<a href=\"http:\/\/www.lefigaro.fr\/actualite-france\/on-a-retrouve-un-lieu-de-rendez-vous-les-camionnettes-de-la-poste-a-la-conquete-des-villages-de-la-diagonale-du-vide-20240511\" target=\"_blank\" data-fig-type=\"Article\" rel=\"noopener\" data-gtm-custom-categorie=\"navigation\" data-gtm-custom-action=\"crossclick\" data-gtm-custom-label=\"Contextuel\" data-gtm-event=\"customEventSPE\" data-fig-domain=\"LEFIGARO\">bo\u00eetier jaune de La Poste mang\u00e9 par la poussi\u00e8re<\/a>. L\u00e0, pourtant, entre\u00a0<a href=\"https:\/\/www.lefigaro.fr\/nantes\" target=\"_blank\" data-fig-type=\"Section\" rel=\"noopener\" data-gtm-custom-categorie=\"navigation\" data-gtm-custom-action=\"crossclick\" data-gtm-custom-label=\"Contextuel\" data-gtm-event=\"customEventSPE\" data-fig-domain=\"LEFIGARO\">Nantes<\/a>\u00a0et\u00a0<a href=\"http:\/\/www.lefigaro.fr\/nantes\/ces-nantais-qui-delaissent-leur-ville-pour-la-douceur-angevine-20250414\" target=\"_blank\" data-fig-type=\"NewsFlash\" rel=\"noopener\" data-gtm-custom-categorie=\"navigation\" data-gtm-custom-action=\"crossclick\" data-gtm-custom-label=\"Contextuel\" data-gtm-event=\"customEventSPE\" data-fig-domain=\"LEFIGARO\">Angers<\/a>, entre quelques tresses de maisons et un ch\u00e2teau du si\u00e8cle des Lumi\u00e8res, se trouve l\u2019unique pouponni\u00e8re de harpes classiques en France. Le nid discret d\u2019instruments pris\u00e9s aux quatre coins du monde.<\/p>\n<p class=\"fig-paragraph\">\u00abOn est longtemps rest\u00e9 un peu cach\u00e9, c\u2019est vrai\u00bb, sourit Jakez Fran\u00e7ois. Le pr\u00e9sident de Harpes Camac \u00e0 la chevelure argent\u00e9e s\u2019engouffre \u00e0 l\u2019int\u00e9rieur de l\u2019entrep\u00f4t tout juste inaugur\u00e9 au printemps. Ces nouveaux volumes jouxtent l\u2019atelier historique de l\u2019entreprise quinquag\u00e9naire. L\u2019\u00e9crin abrite une cinquantaine de salari\u00e9s et l\u2019ensemble\u2026<\/p>\n<p class=\"fig-premium-paywall__infos\">\n        Cet article est r\u00e9serv\u00e9 aux abonn\u00e9s.        Il vous reste 86% \u00e0 d\u00e9couvrir.\n    <\/p>\n<p>                <img  data- alt=\"Le Figaro\" class=\"fig-img--complete fig-img\"\/><\/p>\n<p class=\"fig-premium-paywall__title\">Vous avez envie de lire la suite ?<\/p>\n<p class=\"fig-premium-paywall__subtitle\">D\u00e9bloquez tous les articles imm\u00e9diatement.<\/p>\n<p class=\"fig-premium-paywall__connect\">\n                D\u00e9j\u00e0 abonn\u00e9\u00a0?                <a class=\"fig-premium-paywall__connect-link\" href=\"https:\/\/connect.lefigaro.fr\/login?client=horizon_web&amp;type=main&amp;redirect_uri=https%3A%2F%2Fwww.lefigaro.fr%2Fnantes%2Fpres-de-nantes-dans-l-antre-de-l-unique-facteur-de-harpes-classiques-en-france-20250714\" data-js-gtm=\"{&quot;customCategorie&quot;: &quot;conversion&quot;, &quot;customAction&quot;: &quot;before_Landing_Connexion_paywall_auto&quot;, &quot;customLabel&quot;: &quot;bGVmaWdhcm8uZnJfXzFmMDU4MGVhLWUzMWUtNjliYS04ZGUzLTczOGVhY2I0MzEzYV9fTmV3c0ZsYXNo_Pr\u00e8s de Nantes, dans l\u2019antre de l\u2019unique facteur de harpes classiques en France_337&quot;, &quot;customIDSPE&quot;: &quot;bGVmaWdhcm8uZnJfXzFmMDU4MGVhLWUzMWUtNjliYS04ZGUzLTczOGVhY2I0MzEzYV9fTmV3c0ZsYXNo&quot;, &quot;event&quot;: &quot;customEventSPE&quot;}\" target=\"_blank\" rel=\"noopener\"><br \/>\n                    Connectez-vous<br \/>\n                <\/a>\n            <\/p>\n","protected":false},"excerpt":{"rendered":"REPORTAGE &#8211; Implant\u00e9 depuis plus de 50 ans pr\u00e8s d\u2019Ancenis, un discret atelier livre des instruments haut de&hellip;\n","protected":false},"author":2,"featured_media":248768,"comment_status":"","ping_status":"","sticky":false,"template":"","format":"standard","meta":{"footnotes":""},"categories":[2818],"tags":[1111,11,1777,674,1011,27,38902,14883,766,12,2636,25],"class_list":{"0":"post-248767","1":"post","2":"type-post","3":"status-publish","4":"format-standard","5":"has-post-thumbnail","7":"category-nantes","8":"tag-actu","9":"tag-actualites","10":"tag-eu","11":"tag-europe","12":"tag-fr","13":"tag-france","14":"tag-instrument-de-musique","15":"tag-made-in-france","16":"tag-nantes","17":"tag-news","18":"tag-pays-de-la-loire","19":"tag-republique-francaise"},"share_on_mastodon":{"url":"https:\/\/pubeurope.com\/@fr\/114850191697946093","error":""},"_links":{"self":[{"href":"https:\/\/www.europesays.com\/fr\/wp-json\/wp\/v2\/posts\/248767","targetHints":{"allow":["GET"]}}],"collection":[{"href":"https:\/\/www.europesays.com\/fr\/wp-json\/wp\/v2\/posts"}],"about":[{"href":"https:\/\/www.europesays.com\/fr\/wp-json\/wp\/v2\/types\/post"}],"author":[{"embeddable":true,"href":"https:\/\/www.europesays.com\/fr\/wp-json\/wp\/v2\/users\/2"}],"replies":[{"embeddable":true,"href":"https:\/\/www.europesays.com\/fr\/wp-json\/wp\/v2\/comments?post=248767"}],"version-history":[{"count":0,"href":"https:\/\/www.europesays.com\/fr\/wp-json\/wp\/v2\/posts\/248767\/revisions"}],"wp:featuredmedia":[{"embeddable":true,"href":"https:\/\/www.europesays.com\/fr\/wp-json\/wp\/v2\/media\/248768"}],"wp:attachment":[{"href":"https:\/\/www.europesays.com\/fr\/wp-json\/wp\/v2\/media?parent=248767"}],"wp:term":[{"taxonomy":"category","embeddable":true,"href":"https:\/\/www.europesays.com\/fr\/wp-json\/wp\/v2\/categories?post=248767"},{"taxonomy":"post_tag","embeddable":true,"href":"https:\/\/www.europesays.com\/fr\/wp-json\/wp\/v2\/tags?post=248767"}],"curies":[{"name":"wp","href":"https:\/\/api.w.org\/{rel}","templated":true}]}}