{"id":24877,"date":"2025-04-14T18:16:08","date_gmt":"2025-04-14T18:16:08","guid":{"rendered":"https:\/\/www.europesays.com\/fr\/24877\/"},"modified":"2025-04-14T18:16:08","modified_gmt":"2025-04-14T18:16:08","slug":"un-ado-blesse-a-larme-blanche-ce-que-lon-sait-sur-la-rixe-qui-a-eclate-dimanche-en-plein-centre-de-nice","status":"publish","type":"post","link":"https:\/\/www.europesays.com\/fr\/24877\/","title":{"rendered":"Un ado bless\u00e9 \u00e0 l\u2019arme blanche: ce que l\u2019on sait sur la rixe qui a \u00e9clat\u00e9 dimanche en plein centre de Nice"},"content":{"rendered":"<p>Un adolescent a re\u00e7u un coup de couteau ce dimanche apr\u00e8s-midi en plein centre de Nice. Il a \u00e9t\u00e9 l\u00e9g\u00e8rement bless\u00e9.<\/p>\n<p>Sollicit\u00e9s, les pompiers confirment \u00eatre bien intervenus, \u00ab\u00a0peu avant 17 heures\u00a0\u00bb, pour porter secours \u00e0 une \u00ab\u00a0personne bless\u00e9e par arme blanche\u00a0\u00bb. Le Service d\u00e9partemental d\u2019incendie et de secours (Sdis06) pr\u00e9cise l\u2019avoir \u00ab\u00a0transport\u00e9e \u00e0 l\u2019h\u00f4pital Lenval dans un \u00e9tat l\u00e9ger\u00a0\u00bb.<\/p>\n<p>Selon la police, la victime est un adolescent de 17 ans bless\u00e9 \u00e0 l\u2019\u00e9paule au cours d\u2019une rixe; son \u00e9tat de sant\u00e9 n\u2019inspirait, dimanche, pas d\u2019inqui\u00e9tude particuli\u00e8re.<\/p>\n<p>Reste que la sc\u00e8ne a suscit\u00e9 l\u2019\u00e9moi dans cette zone tr\u00e8s fr\u00e9quent\u00e9e de la ville. \u00c0 l\u2019image de ce lecteur, qui a \u00e9crit \u00e0 Nice-Matin: \u00ab\u00a0Un jeune homme a \u00e9t\u00e9 poignard\u00e9 [dimanche 13 avril 2025] sous nos yeux en plein centre de Nice, dans une rue perpendiculaire \u00e0 l\u2019avenue Jean-M\u00e9decin, rue de Paris. C\u2019\u00e9tait une sc\u00e8ne choquante et violente devant plusieurs personnes, assez grave par sa nature mais aussi \u00e0 cause du lieu et la p\u00e9riode: ce dimanche de vacances scolaires o\u00f9 l\u2019avenue \u00e9tait remplie de monde avec plusieurs boutiques et magasins ouverts.\u00a0\u00bb<\/p>\n","protected":false},"excerpt":{"rendered":"Un adolescent a re\u00e7u un coup de couteau ce dimanche apr\u00e8s-midi en plein centre de Nice. Il a&hellip;\n","protected":false},"author":2,"featured_media":24878,"comment_status":"","ping_status":"","sticky":false,"template":"","format":"standard","meta":{"footnotes":""},"categories":[2819],"tags":[1111,11,1777,674,118,1011,27,12,2401,882,25,3366],"class_list":{"0":"post-24877","1":"post","2":"type-post","3":"status-publish","4":"format-standard","5":"has-post-thumbnail","7":"category-nice","8":"tag-actu","9":"tag-actualites","10":"tag-eu","11":"tag-europe","12":"tag-faits-divers","13":"tag-fr","14":"tag-france","15":"tag-news","16":"tag-nice","17":"tag-provence-alpes-cote-dazur","18":"tag-republique-francaise","19":"tag-vie-locale"},"share_on_mastodon":{"url":"https:\/\/pubeurope.com\/@fr\/114337689355417674","error":""},"_links":{"self":[{"href":"https:\/\/www.europesays.com\/fr\/wp-json\/wp\/v2\/posts\/24877","targetHints":{"allow":["GET"]}}],"collection":[{"href":"https:\/\/www.europesays.com\/fr\/wp-json\/wp\/v2\/posts"}],"about":[{"href":"https:\/\/www.europesays.com\/fr\/wp-json\/wp\/v2\/types\/post"}],"author":[{"embeddable":true,"href":"https:\/\/www.europesays.com\/fr\/wp-json\/wp\/v2\/users\/2"}],"replies":[{"embeddable":true,"href":"https:\/\/www.europesays.com\/fr\/wp-json\/wp\/v2\/comments?post=24877"}],"version-history":[{"count":0,"href":"https:\/\/www.europesays.com\/fr\/wp-json\/wp\/v2\/posts\/24877\/revisions"}],"wp:featuredmedia":[{"embeddable":true,"href":"https:\/\/www.europesays.com\/fr\/wp-json\/wp\/v2\/media\/24878"}],"wp:attachment":[{"href":"https:\/\/www.europesays.com\/fr\/wp-json\/wp\/v2\/media?parent=24877"}],"wp:term":[{"taxonomy":"category","embeddable":true,"href":"https:\/\/www.europesays.com\/fr\/wp-json\/wp\/v2\/categories?post=24877"},{"taxonomy":"post_tag","embeddable":true,"href":"https:\/\/www.europesays.com\/fr\/wp-json\/wp\/v2\/tags?post=24877"}],"curies":[{"name":"wp","href":"https:\/\/api.w.org\/{rel}","templated":true}]}}