{"id":248777,"date":"2025-07-14T06:38:15","date_gmt":"2025-07-14T06:38:15","guid":{"rendered":"https:\/\/www.europesays.com\/fr\/248777\/"},"modified":"2025-07-14T06:38:15","modified_gmt":"2025-07-14T06:38:15","slug":"une-meteo-mitigee-pour-la-fete-nationale","status":"publish","type":"post","link":"https:\/\/www.europesays.com\/fr\/248777\/","title":{"rendered":"Une m\u00e9t\u00e9o mitig\u00e9e pour la F\u00eate nationale"},"content":{"rendered":"<p>En ce jour de F\u00eate nationale, les averses orageuses de la nuit pr\u00e9c\u00e9dente concernent un large quart nord-est en matin\u00e9e, des <a href=\"https:\/\/www.ouest-france.fr\/hauts-de-france\/\" target=\"_self\" rel=\"noopener\">Hauts-de-France<\/a>, au nord des Alpes, en passant par le <a href=\"https:\/\/www.ouest-france.fr\/grand-est\/\" target=\"_self\" rel=\"noopener\">Grand-Est<\/a> et la <a href=\"https:\/\/www.ouest-france.fr\/bourgogne-franche-comte\/\" target=\"_self\" rel=\"noopener\">Franche-Comt\u00e9<\/a>. Ailleurs, le ciel est variable, comme sur les Champs-\u00c9lys\u00e9es pour le d\u00e9fil\u00e9.<\/p>\n<p>Une perturbation peu pluvieuse mais accompagn\u00e9e d\u2019un vent \u00e0 50\u00a0km\/h aborde le <a href=\"https:\/\/www.ouest-france.fr\/bretagne\/finistere\/\" target=\"_self\" rel=\"noopener\">Finist\u00e8re<\/a> ce matin et les nuages venant de l\u2019ouest se d\u00e9calent vers la <a href=\"https:\/\/www.ouest-france.fr\/normandie\/\" target=\"_self\" rel=\"noopener\">Normandie<\/a> et les <a href=\"https:\/\/www.ouest-france.fr\/pays-de-la-loire\/\" target=\"_self\" rel=\"noopener\">Pays-de-la-Loire<\/a> cet apr\u00e8s-midi avec quelques ond\u00e9es\u00a0; apr\u00e8s ce ciel couvert en d\u00e9but de journ\u00e9e la pointe bretonne retrouve progressivement de belles \u00e9claircies.<\/p>\n<p>\n                Nous avons bloqu\u00e9 l\u2019affichage de ce contenu pour respecter vos choix en mati\u00e8re de cookies.<br \/>En cliquant sur \u00abConsulter\u00bb, vous acceptez le d\u00e9p\u00f4t de cookies par des services de r\u00e9seaux sociaux tels que Twitter.<br \/>\n                Consulter\n            <\/p>\n<blockquote class=\"twitter-tweet\" wp_automatic_readability=\"4.2285714285714\">\n<p lang=\"fr\" dir=\"ltr\">??? Ce 14 Juillet : lourd &amp; variable. Averses orageuses vers les fronti\u00e8res du nord-est. Gris en Aquitaine. ? <a href=\"https:\/\/t.co\/3SZnwKD8sF\">https:\/\/t.co\/3SZnwKD8sF<\/a> <a href=\"https:\/\/t.co\/Y2jiDvtzqz\">pic.twitter.com\/Y2jiDvtzqz<\/a><\/p>\n<p>\u2014 M\u00e9t\u00e9o Express (@MeteoExpress) <a href=\"https:\/\/twitter.com\/MeteoExpress\/status\/1944607787864211634?ref_src=twsrc%5Etfw\" target=\"_blank\" rel=\"noopener\">July 14, 2025<\/a><\/p><\/blockquote>\n<p>Le vent d\u2019ouest se maintient sur la moiti\u00e9 nord pouvant atteindre 60\u00a0km\/h sur la C\u00f4te d\u2019Opale.<\/p>\n<p>Ailleurs, le ciel est partag\u00e9 entre nuages et soleil avec quelques averses en montagne, mais beaucoup plus ensoleill\u00e9 en M\u00e9diterran\u00e9e et assez gris du c\u00f4t\u00e9 de l\u2019Aquitaine.\u00a0Les grisailles sont en effet fr\u00e9quentes dans les plaines du Sud-Ouest, avec parfois un peu de crachin.<\/p>\n<p>Temp\u00e9ratures en baisse<\/p>\n<p>Partout ailleurs, le ciel h\u00e9site entre nuages et \u00e9claircies. Des averses peuvent se former en montagne, avec des coups de tonnerre sur le Massif central.<\/p>\n<p>D\u2019une mani\u00e8re g\u00e9n\u00e9rale, les temp\u00e9ratures baissent \u00e0 la faveur du courant oc\u00e9anique qui s\u2019installe sur la France.<\/p>\n<p>Les temp\u00e9ratures sont douces ce matin, 2 \u00e0 3\u00a0degr\u00e9s au-dessus des normales. Les maximales affichent une baisse et sont de saison.<\/p>\n<p>Les 30\u00a0\u00b0C sont difficilement atteints, sauf par endroits autour du Centre-Est et, d\u2019une mani\u00e8re plus g\u00e9n\u00e9ralis\u00e9e, le long de la vall\u00e9e du Rh\u00f4ne jusqu\u2019en M\u00e9diterran\u00e9e (localement 35\u00a0\u00b0C du Gard \u00e0 l\u2019int\u00e9rieur Provence) mais il fait quand m\u00eame assez chaud avec souvent 25 \u00e0 29\u00a0\u00b0C.<\/p>\n<p>Le niveau de danger de feux de for\u00eat reste \u00e9lev\u00e9 sur trois d\u00e9partements, \u00e0 savoir le <a href=\"https:\/\/www.ouest-france.fr\/pays-de-la-loire\/maine-et-loire\/\" target=\"_self\" rel=\"noopener\">Maine-et-Loire<\/a>, les <a href=\"https:\/\/www.ouest-france.fr\/nouvelle-aquitaine\/deux-sevres\/\" target=\"_self\" rel=\"noopener\">Deux-S\u00e8vres<\/a> et la <a href=\"https:\/\/www.ouest-france.fr\/nouvelle-aquitaine\/vienne\/\" target=\"_self\" rel=\"noopener\">Vienne<\/a>.<\/p>\n<p>\u00a0<\/p>\n<p>\t\t<script async src=\"https:\/\/platform.twitter.com\/widgets.js\" charset=\"utf-8\"><\/script><\/p>\n","protected":false},"excerpt":{"rendered":"En ce jour de F\u00eate nationale, les averses orageuses de la nuit pr\u00e9c\u00e9dente concernent un large quart nord-est&hellip;\n","protected":false},"author":2,"featured_media":248778,"comment_status":"","ping_status":"","sticky":false,"template":"","format":"standard","meta":{"footnotes":""},"categories":[2815],"tags":[1111,11,1777,674,4768,1011,27,811,1307,2487,38903,4361,12,25],"class_list":{"0":"post-248777","1":"post","2":"type-post","3":"status-publish","4":"format-standard","5":"has-post-thumbnail","7":"category-lille","8":"tag-actu","9":"tag-actualites","10":"tag-eu","11":"tag-europe","12":"tag-fete","13":"tag-fr","14":"tag-france","15":"tag-hauts-de-france","16":"tag-lille","17":"tag-meteo","18":"tag-mitigee","19":"tag-nationale","20":"tag-news","21":"tag-republique-francaise"},"share_on_mastodon":{"url":"https:\/\/pubeurope.com\/@fr\/114850214926578437","error":""},"_links":{"self":[{"href":"https:\/\/www.europesays.com\/fr\/wp-json\/wp\/v2\/posts\/248777","targetHints":{"allow":["GET"]}}],"collection":[{"href":"https:\/\/www.europesays.com\/fr\/wp-json\/wp\/v2\/posts"}],"about":[{"href":"https:\/\/www.europesays.com\/fr\/wp-json\/wp\/v2\/types\/post"}],"author":[{"embeddable":true,"href":"https:\/\/www.europesays.com\/fr\/wp-json\/wp\/v2\/users\/2"}],"replies":[{"embeddable":true,"href":"https:\/\/www.europesays.com\/fr\/wp-json\/wp\/v2\/comments?post=248777"}],"version-history":[{"count":0,"href":"https:\/\/www.europesays.com\/fr\/wp-json\/wp\/v2\/posts\/248777\/revisions"}],"wp:featuredmedia":[{"embeddable":true,"href":"https:\/\/www.europesays.com\/fr\/wp-json\/wp\/v2\/media\/248778"}],"wp:attachment":[{"href":"https:\/\/www.europesays.com\/fr\/wp-json\/wp\/v2\/media?parent=248777"}],"wp:term":[{"taxonomy":"category","embeddable":true,"href":"https:\/\/www.europesays.com\/fr\/wp-json\/wp\/v2\/categories?post=248777"},{"taxonomy":"post_tag","embeddable":true,"href":"https:\/\/www.europesays.com\/fr\/wp-json\/wp\/v2\/tags?post=248777"}],"curies":[{"name":"wp","href":"https:\/\/api.w.org\/{rel}","templated":true}]}}