{"id":248781,"date":"2025-07-14T06:40:11","date_gmt":"2025-07-14T06:40:11","guid":{"rendered":"https:\/\/www.europesays.com\/fr\/248781\/"},"modified":"2025-07-14T06:40:11","modified_gmt":"2025-07-14T06:40:11","slug":"au-meeting-international-de-marseille-aurore-fleury-est-sur-la-bonne-voie","status":"publish","type":"post","link":"https:\/\/www.europesays.com\/fr\/248781\/","title":{"rendered":"au meeting international de Marseille, Aurore Fleury est sur la bonne voie"},"content":{"rendered":"<p>Si aucune athl\u00e8te n&rsquo;est venue \u00e0 bout du <a href=\"https:\/\/www.laprovence.com\/article\/sports\/4102255042939514\/athletisme-des-athletes-en-quete-de-minima-au-meeting-international-de-marseille\" target=\"_blank\" rel=\"noopener\">niveau de performance requis<\/a> sur 1\u00a0500\u00a0m (4&rsquo;01\u00a0\u00bb50) pour les Mondiaux de Tokyo, la derni\u00e8re ligne droite aura offert, aux spectateurs une superbe fin de course. Et ce sont deux Espagnoles qui se sont disput\u00e9 la gagne, la victoire revenant \u00e0 Esther Guerrero en 4&rsquo;03\u00a0\u00bb93 devant sa compatriote Marta Perez cr\u00e9dit\u00e9e de 4&rsquo;04\u00a0\u00bb09.<\/p>\n<p>Dans cette \u00e9preuve, Aurore Fleury a appr\u00e9ci\u00e9 sa cinqui\u00e8me place en 4&rsquo;07\u00a0\u00bb09 \u00e0 sa juste valeur. Pas \u00e9pargn\u00e9e par les blessures, depuis son record de 4&rsquo;03\u00a0\u00bb35 r\u00e9alis\u00e9 en\u00a02021, l&rsquo;ancienne internationale fran\u00e7aise a r\u00e9ussi, hier sur la piste marseillaise, sa meilleure performance depuis trois ans et cela avec la mani\u00e8re. Un petit bonheur qu&rsquo;elle a appr\u00e9ci\u00e9 \u00e0 sa juste valeur apr\u00e8s des ann\u00e9es de gal\u00e8re.<\/p>\n<p>\u00ab\u00a0C&rsquo;est un petit soulagement, car je suis en reconstruction totale et ce n&rsquo;est pas facile, confiait la Nanc\u00e9enne. C&rsquo;\u00e9tait une belle course et c&rsquo;est la premi\u00e8re fois depuis quatre ans o\u00f9 je termine ma course plus vite que dans la premi\u00e8re partie. C&rsquo;est bon signe et je suis fi\u00e8re de ce que je viens de faire car c&rsquo;est tr\u00e8s difficile de revenir au niveau o\u00f9 j&rsquo;\u00e9tais. Je remercie d&rsquo;ailleurs les organisateurs qui m&rsquo;ont donn\u00e9 la possibilit\u00e9 de prendre le d\u00e9part de ce 1 500 m, car c&rsquo;est d\u00e9sormais difficile pour moi de trouver une course dans les meetings.\u00a0\u00bb<\/p>\n<p>\u00ab\u00a0Ce chrono et la mani\u00e8re dont j&rsquo;ai couru me donnent de la confiance. Ce n&rsquo;est bien s\u00fbr pas une finalit\u00e9, mais on n&rsquo;est qu&rsquo;\u00e0 la moiti\u00e9 de la saison et il y a encore de belles choses \u00e0 faire. Il y aura les championnats de France bient\u00f4t, le niveau sera bien entendu tr\u00e8s relev\u00e9, mais je rel\u00e8verai le d\u00e9fi avec beaucoup d&rsquo;humilit\u00e9.\u00a0\u00bb Gr\u00e2ce \u00e0 sa performance du jour, Aurore Fleury retrouve une place dans le Top\u00a08\u00a0national. Une \u00e9tape importante dans le parcours de combattante de cette athl\u00e8te attachante.<\/p>\n<p>Un bon retour de Ma\u00ebliss Trapeau<\/p>\n<p>Depuis son chrono canon en 1&rsquo;59\u00a0\u00bb09 r\u00e9alis\u00e9 fin mai \u00e0 Toulouse, <a href=\"https:\/\/www.laprovence.com\/article\/sports\/13092786768425\/meeting-de-martigues-maeliss-trapeau-pour-un-nouveau-record-a-la-maison\" target=\"_blank\" rel=\"noopener\">Ma\u00ebliss Trapeau<\/a> n&rsquo;a jamais pu confirmer son nouveau statut sur 800\u00a0m o\u00f9 elle figure dans le Top 3 national. La faute \u00e0 un probl\u00e8me r\u00e9current au niveau du tendon d&rsquo;Achille qui l&#8217;emp\u00eache de s&rsquo;entra\u00eener comme elle le voudrait.<\/p>\n<p>C&rsquo;est d&rsquo;ailleurs apr\u00e8s plus d&rsquo;un mois sans comp\u00e9tition qu&rsquo;elle faisait son retour hier soir, dans une course o\u00f9 personne n&rsquo;a os\u00e9 suivre la meneuse d&rsquo;allure pourtant partie sur d&rsquo;excellentes bases. Un retour plut\u00f4t r\u00e9ussi pour Trapeau qui a pris la troisi\u00e8me place en 2&rsquo;01\u00a0\u00bb34. \u00a0\u00bb\u00a0Je n&rsquo;\u00e9tais bien s\u00fbr pas avec mes meilleures sensations comme en d\u00e9but de saison, confiait la Mart\u00e9gale. \u00a0\u00bb\u00a0Je suis plut\u00f4t satisfaite de mon chrono et de ma place et j&rsquo;esp\u00e8re maintenant pouvoir poursuivre ma pr\u00e9paration pour \u00eatre pr\u00eate aux championnats de France.\u00a0\u00bb<\/p>\n","protected":false},"excerpt":{"rendered":"Si aucune athl\u00e8te n&rsquo;est venue \u00e0 bout du niveau de performance requis sur 1\u00a0500\u00a0m (4&rsquo;01\u00a0\u00bb50) pour les Mondiaux&hellip;\n","protected":false},"author":2,"featured_media":248782,"comment_status":"","ping_status":"","sticky":false,"template":"","format":"standard","meta":{"footnotes":""},"categories":[2814],"tags":[17,1111,11,38904,24140,38905,1777,674,1295,1011,27,14,884,3918,12,882,25,60],"class_list":{"0":"post-248781","1":"post","2":"type-post","3":"status-publish","4":"format-standard","5":"has-post-thumbnail","7":"category-marseille","8":"tag-17","9":"tag-actu","10":"tag-actualites","11":"tag-athletosme","12":"tag-aurore","13":"tag-demi-fond","14":"tag-eu","15":"tag-europe","16":"tag-feminin","17":"tag-fr","18":"tag-france","19":"tag-international","20":"tag-marseille","21":"tag-meeting","22":"tag-news","23":"tag-provence-alpes-cote-dazur","24":"tag-republique-francaise","25":"tag-sports"},"share_on_mastodon":{"url":"https:\/\/pubeurope.com\/@fr\/114850222781030945","error":""},"_links":{"self":[{"href":"https:\/\/www.europesays.com\/fr\/wp-json\/wp\/v2\/posts\/248781","targetHints":{"allow":["GET"]}}],"collection":[{"href":"https:\/\/www.europesays.com\/fr\/wp-json\/wp\/v2\/posts"}],"about":[{"href":"https:\/\/www.europesays.com\/fr\/wp-json\/wp\/v2\/types\/post"}],"author":[{"embeddable":true,"href":"https:\/\/www.europesays.com\/fr\/wp-json\/wp\/v2\/users\/2"}],"replies":[{"embeddable":true,"href":"https:\/\/www.europesays.com\/fr\/wp-json\/wp\/v2\/comments?post=248781"}],"version-history":[{"count":0,"href":"https:\/\/www.europesays.com\/fr\/wp-json\/wp\/v2\/posts\/248781\/revisions"}],"wp:featuredmedia":[{"embeddable":true,"href":"https:\/\/www.europesays.com\/fr\/wp-json\/wp\/v2\/media\/248782"}],"wp:attachment":[{"href":"https:\/\/www.europesays.com\/fr\/wp-json\/wp\/v2\/media?parent=248781"}],"wp:term":[{"taxonomy":"category","embeddable":true,"href":"https:\/\/www.europesays.com\/fr\/wp-json\/wp\/v2\/categories?post=248781"},{"taxonomy":"post_tag","embeddable":true,"href":"https:\/\/www.europesays.com\/fr\/wp-json\/wp\/v2\/tags?post=248781"}],"curies":[{"name":"wp","href":"https:\/\/api.w.org\/{rel}","templated":true}]}}