{"id":248783,"date":"2025-07-14T06:41:09","date_gmt":"2025-07-14T06:41:09","guid":{"rendered":"https:\/\/www.europesays.com\/fr\/248783\/"},"modified":"2025-07-14T06:41:09","modified_gmt":"2025-07-14T06:41:09","slug":"lyon-ce-pique-nique-geant-pour-celibataires-debarque-au-parc-de-la-tete-dor","status":"publish","type":"post","link":"https:\/\/www.europesays.com\/fr\/248783\/","title":{"rendered":"Lyon. Ce pique nique g\u00e9ant pour c\u00e9libataires d\u00e9barque au parc de la T\u00eate d&rsquo;Or"},"content":{"rendered":"<p>            Par<br \/>\n        <strong><br \/>\n            <a href=\"https:\/\/actu.fr\/auteur\/julien-damboise\" title=\"Consulter tous les articles de Julien Damboise\" target=\"_blank\" rel=\"noopener\">Julien Damboise<\/a><br \/>\n        <\/strong><\/p>\n<p>        Publi\u00e9 le<\/p>\n<p>            14 juil. 2025 \u00e0 6h32        <\/p>\n<p>\u00ab\u00a0Oubliez les sites de rencontres et les speed datings : pour <strong>trouver l\u2019amour<\/strong>, il suffit de se rendre au <a href=\"https:\/\/actu.fr\/tag\/parc-de-la-tete-d-or\" target=\"_blank\" rel=\"noopener\">Parc de la T\u00eate d\u2019Or<\/a> pour un pique-nique sur l\u2019herbe fra\u00eeche\u00a0\u00bb.<\/p>\n<p class=\" wall-content\">Ce dimanche 27 juillet 2025, \u00e0 partir de midi, les <strong>c\u00e9libataires lyonnais et lyonnaises<\/strong> sont invit\u00e9s \u00e0 se retrouver sur les vastes pelouses du parc de <a href=\"https:\/\/actu.fr\/auvergne-rhone-alpes\/lyon_69123\" target=\"_blank\" rel=\"noopener\">Lyon<\/a>.\u00a0<\/p>\n<p>Ramenez votre Tupperware<\/p>\n<p class=\" wall-content\">\u00c0 la man\u0153uvre, on retrouve l\u2019association \u00ab Amiti\u00e9 Loisirs Entre Nous \u00bb qui organise de nouveau un grand pique-nique dans quelques jours.<\/p>\n<p class=\" wall-content\">Pour participer, il suffit d\u2019apporter son repas \u00ab\u00a0en pr\u00e9voyant quelques victuailles \u00e0 partager\u00a0\u00bb avant de s\u2019installer sur la pelouse du Monument des droits de l\u2019Homme seul ou avec des amis.<\/p>\n<p class=\" wall-content\">\u00c0 noter par ailleurs que l\u2019\u00e9v\u00e9nement est totalement <strong>gratuit<\/strong> et d\u00e9butera \u00e0 <strong>midi<\/strong>.<\/p>\n<p>Vid\u00e9os : en ce moment sur ActuPlus de 600 participants les derni\u00e8res ann\u00e9es<\/p>\n<p class=\" wall-content\">Le format a d\u00e9j\u00e0 \u00e9t\u00e9 test\u00e9 \u00e0 plusieurs reprises \u00e0 Lyon, avec un v\u00e9ritable succ\u00e8s. Lors de la pr\u00e9c\u00e9dente \u00e9dition, plus de 600 personnes s\u2019\u00e9taient d\u00e9plac\u00e9es pour tenter leur chance sous les arbres centenaires, selon l\u2019organisation.<\/p>\n<p class=\" wall-content\">L\u2019objectif est avant tout de faire des rencontres qu\u2019elles soient amicales ou amoureuses. En pleine p\u00e9riode estivale, alors que beaucoup partent en vacances, cet \u00e9v\u00e9nement vient aussi <strong>combler un vide<\/strong> pour celles et ceux qui restent \u00e0 Lyon.<\/p>\n<p class=\" wall-content\">Suivez toute l\u2019actualit\u00e9 de vos villes et m\u00e9dias favoris en vous inscrivant \u00e0 <a href=\"https:\/\/moncompte.actu.fr\" title=\"D\u00e9couvez Mon Actu\" rel=\"nofollow noopener\" data-trk=\"{&quot;cta&quot;:{&quot;action&quot;:&quot;https:\\\/\\\/moncompte.actu.fr&quot;,&quot;category&quot;:&quot;mon compte&quot;,&quot;from&quot;:&quot;article footer&quot;,&quot;name&quot;:&quot;Mon actu&quot;,&quot;type&quot;:&quot;cta&quot;}}\" target=\"_blank\">Mon Actu<\/a>.<\/p>\n","protected":false},"excerpt":{"rendered":"Par Julien Damboise Publi\u00e9 le 14 juil. 2025 \u00e0 6h32 \u00ab\u00a0Oubliez les sites de rencontres et les speed&hellip;\n","protected":false},"author":2,"featured_media":248784,"comment_status":"","ping_status":"","sticky":false,"template":"","format":"standard","meta":{"footnotes":""},"categories":[1889],"tags":[1111,11,2430,1777,674,3696,1011,27,2428,12,13760,25],"class_list":{"0":"post-248783","1":"post","2":"type-post","3":"status-publish","4":"format-standard","5":"has-post-thumbnail","7":"category-lyon","8":"tag-actu","9":"tag-actualites","10":"tag-auvergne-rhone-alpes","11":"tag-eu","12":"tag-europe","13":"tag-evenements","14":"tag-fr","15":"tag-france","16":"tag-lyon","17":"tag-news","18":"tag-parc-de-la-tete-dor","19":"tag-republique-francaise"},"share_on_mastodon":{"url":"https:\/\/pubeurope.com\/@fr\/114850227244361939","error":""},"_links":{"self":[{"href":"https:\/\/www.europesays.com\/fr\/wp-json\/wp\/v2\/posts\/248783","targetHints":{"allow":["GET"]}}],"collection":[{"href":"https:\/\/www.europesays.com\/fr\/wp-json\/wp\/v2\/posts"}],"about":[{"href":"https:\/\/www.europesays.com\/fr\/wp-json\/wp\/v2\/types\/post"}],"author":[{"embeddable":true,"href":"https:\/\/www.europesays.com\/fr\/wp-json\/wp\/v2\/users\/2"}],"replies":[{"embeddable":true,"href":"https:\/\/www.europesays.com\/fr\/wp-json\/wp\/v2\/comments?post=248783"}],"version-history":[{"count":0,"href":"https:\/\/www.europesays.com\/fr\/wp-json\/wp\/v2\/posts\/248783\/revisions"}],"wp:featuredmedia":[{"embeddable":true,"href":"https:\/\/www.europesays.com\/fr\/wp-json\/wp\/v2\/media\/248784"}],"wp:attachment":[{"href":"https:\/\/www.europesays.com\/fr\/wp-json\/wp\/v2\/media?parent=248783"}],"wp:term":[{"taxonomy":"category","embeddable":true,"href":"https:\/\/www.europesays.com\/fr\/wp-json\/wp\/v2\/categories?post=248783"},{"taxonomy":"post_tag","embeddable":true,"href":"https:\/\/www.europesays.com\/fr\/wp-json\/wp\/v2\/tags?post=248783"}],"curies":[{"name":"wp","href":"https:\/\/api.w.org\/{rel}","templated":true}]}}