{"id":248789,"date":"2025-07-14T06:45:36","date_gmt":"2025-07-14T06:45:36","guid":{"rendered":"https:\/\/www.europesays.com\/fr\/248789\/"},"modified":"2025-07-14T06:45:36","modified_gmt":"2025-07-14T06:45:36","slug":"julia-vignali-devoile-son-restaurant-prefere-en-plein-coeur-de-paris-le-lieu-est-genial","status":"publish","type":"post","link":"https:\/\/www.europesays.com\/fr\/248789\/","title":{"rendered":"Julia Vignali d\u00e9voile son restaurant pr\u00e9f\u00e9r\u00e9 en plein c\u0153ur de Paris : \u201cLe lieu est g\u00e9nial\u201d"},"content":{"rendered":"<p>                                        <img decoding=\"async\" src=\"https:\/\/www.europesays.com\/fr\/wp-content\/uploads\/2025\/07\/f8377865b31c1ac3ae0b1e36eaa204ee7365ddd4784d272b1f2ae2baec6c0182.jpg\" alt=\"GALA VID\u00c9O - Julia Vignali\u00a0: ce qu'il faut conna\u00eetre\" class=\"a11y-hidden\"\/><\/p>\n<p class=\"fig-standfirst\">Julia Vignali c\u00e9l\u00e8bre ses 50 ans ce dimanche 13 juillet. Gourmande, l\u2019animatrice a ses restaurants favoris \u00e0 Paris. Parmi eux, une adresse typique qui se trouve au c\u0153ur de la capitale, comme elle le d\u00e9voilait dans l\u2019\u00e9mission La table des bons vivants en 2023.<\/p>\n<p class=\"fig-paragraph\">Julia Vignali est gourmande et ne s\u2019en est jamais cach\u00e9e. L\u2019animatrice, qui souffle sa 50e bougie ce dimanche 13 juillet, a ses adresses favorites \u00e0 Paris. En mars dernier, elle confiait au magazine Elle\u00a0aimer\u00a0<a href=\"http:\/\/www.gala.fr\/lifestyle\/julia-vignali-pour-un-delicieux-diner-elle-file-dans-ce-restaurant-parisien-chic-a-la-vue-imprenable-20250325\" data-fig-type=\"Article\" data-gtm-custom-categorie=\"navigation\" data-gtm-custom-action=\"crossclick\" data-gtm-custom-label=\"Contextuel\" data-gtm-event=\"customEventSPE\" data-fig-domain=\"GALA\" target=\"_blank\" rel=\"noopener\">d\u00eener dans le tr\u00e8s chic restaurant La Plume<\/a>, situ\u00e9 au 43 rue \u00c9tienne-Marcel. \u00abCe qui me pla\u00eet presque plus que ce qu\u2019il y a dans l\u2019assiette, c\u2019est la vue imprenable sur Paris\u00bb, expliquait-elle \u00e0 l\u2019hebdomadaire f\u00e9minin. Parmi ses autres adresses food favorites, figure un lieu mythique de la capitale\u00a0: Au Pied de Cochon.<\/p>\n<p class=\"fig-paragraph\">Dans ce restaurant situ\u00e9 au c\u0153ur du 1er arrondissement de Paris,<a href=\"http:\/\/www.gala.fr\/l_actu\/news_de_stars\/kad-merad-et-julia-vignali-installes-en-bourgogne-cette-ferme-abandonnee-est-devenue-leur-havre-de-paix-20250324\" data-fig-type=\"Article\" data-gtm-custom-categorie=\"navigation\" data-gtm-custom-action=\"crossclick\" data-gtm-custom-label=\"Contextuel\" data-gtm-event=\"customEventSPE\" data-fig-domain=\"GALA\" target=\"_blank\" rel=\"noopener\">\u00a0l\u2019\u00e9pouse de Kad Merad\u00a0<\/a>appr\u00e9cie l\u00e0 encore la d\u00e9coration, mais aussi ce qui se trouve \u00e0 la carte. \u00abDans mon quartier, dans le centre de Paris, j\u2019ai des petites adresses tr\u00e8s sympathiques, alors pas forc\u00e9ment secr\u00e8tes, mais incontournables\u00bb, confiait-elle, dans l\u2019\u00e9mission\u00a0<a href=\"https:\/\/www.europe1.fr\/emissions\/laurent-mariotte-vous-accueille-a-la-table-des-bons-vivants\/integrale-du-30-decembre-atelier-cocktails-laurent-mariotte-recoit-julia-vignali-4222648\" target=\"_blank\" rel=\"sponsored noopener\" data-gtm-custom-categorie=\"navigation\" data-gtm-custom-action=\"crossclick\" data-gtm-custom-label=\"Contextuel\" data-gtm-event=\"customEventSPE\">La table des bons vivants<\/a>, diffus\u00e9e sur Europe 1 en 2023. Avant de r\u00e9v\u00e9ler\u00a0: \u00abJe vais souvent au Pied de Cochon. Je suis tr\u00e8s heureuse d\u2019aller au Pied de Cochon, je m\u2019y sens bien\u00a0!\u00bb, affirmait-elle, pr\u00e9cisant que \u00able lieu est g\u00e9nial.\u00bb<\/p>\n<p>                                    <a class=\"fig-a11y-skip a11y-hidden\" href=\"#fig-a11y-skip-main-inarticle\"><br \/>\n        Passer la publicit\u00e9<br \/>\n    <\/a><\/p>\n<p><strong>Julia Vignali tr\u00e8s gourmande\u00a0: \u201cEn pr\u00e9sentant Le meilleur p\u00e2tissier, j\u2019ai pris\u2026\u201d<\/strong><\/p>\n<p class=\"fig-paragraph\">C\u2019est une animatrice qui donne de sa personne. Avant de\u00a0<a href=\"http:\/\/www.gala.fr\/l_actu\/news_de_stars\/kad-merad-sa-visite-surprise-a-julia-vignali-sur-le-plateau-d-affaire-conclue-a-fait-des-heureux-20250328\" data-fig-type=\"Article\" data-gtm-custom-categorie=\"navigation\" data-gtm-custom-action=\"crossclick\" data-gtm-custom-label=\"Contextuel\" data-gtm-event=\"customEventSPE\" data-fig-domain=\"GALA\" target=\"_blank\" rel=\"noopener\">pr\u00e9senter l\u2019\u00e9mission Affaire Conclue\u00a0<\/a> sur France 2, Julia Vignali a \u00e9t\u00e9 pendant quatre ans le visage du concours culinaire de M6,\u00a0<a href=\"https:\/\/www.gala.fr\/l_actu\/news_de_stars\/mercotte-et-cyril-lignac-le-meilleur-patissier-tres-proches-il-est-un-peu-mon-cinquieme-fils_554768\" data-fig-type=\"Article\" data-gtm-custom-categorie=\"navigation\" data-gtm-custom-action=\"crossclick\" data-gtm-custom-label=\"Contextuel\" data-gtm-event=\"customEventSPE\" data-fig-domain=\"GALA\" target=\"_blank\" rel=\"noopener\">Le Meilleur P\u00e2tissier.\u00a0<\/a> Une exp\u00e9rience professionnelle, \u00e9tal\u00e9e de 2017 \u00e0 2021, qui a oblig\u00e9\u00a0<a href=\"http:\/\/www.gala.fr\/l_actu\/news_de_stars\/julia-vignali-un-beau-bebe-devenu-grand-le-tendre-cliche-de-son-fils-luigi-pour-ses-18-ans-20241217\" data-fig-type=\"Article\" data-gtm-custom-categorie=\"navigation\" data-gtm-custom-action=\"crossclick\" data-gtm-custom-label=\"Contextuel\" data-gtm-event=\"customEventSPE\" data-fig-domain=\"GALA\" target=\"_blank\" rel=\"noopener\">la maman de Luigi<\/a>\u00a0\u00e0 go\u00fbter les nombreuses productions p\u00e2tissi\u00e8res des candidats du programme. \u00ab<a href=\"https:\/\/www.gala.fr\/l_actu\/news_de_stars\/julia-vignali-tres-gourmande-en-presentant-le-meilleur-patissier-jai-pris_515797\" data-fig-type=\"Article\" data-gtm-custom-categorie=\"navigation\" data-gtm-custom-action=\"crossclick\" data-gtm-custom-label=\"Contextuel\" data-gtm-event=\"customEventSPE\" data-fig-domain=\"GALA\" target=\"_blank\" rel=\"noopener\">J\u2019ai pris dix kilos\u00a0<\/a> en pr\u00e9sentant quatre ans Le Meilleur P\u00e2tissier\u00bb, confiait-elle, \u00e0 nos confr\u00e8res de Cin\u00e9 T\u00e9l\u00e9 Revue, en 2023. Mais ce n\u2019est pas l\u2019unique r\u00e9v\u00e9lation sur son passage \u00e0 la t\u00eate du Meilleur P\u00e2tissier qu\u2019a fait Julia Vignali dans cette interview. \u00abJe suis toujours mauvaise en cuisine\u00bb , a-t-elle reconnu, avec franchise et transparence.<\/p>\n<p class=\"fig-paragraph\">Au Pied de Cochon<\/p>\n<p>6 rue Coquilli\u00e8re, 75001 Paris\u00a0<\/p>\n<p>01 40 13 77 00<\/p>\n<p><a href=\"https:\/\/www.pieddecochon.com\/menus-carte\/?y_source=1_MTE2NjUxNzQtNzE1LWxvY2F0aW9uLm1lbnVfdXJs\" target=\"_blank\" rel=\"sponsored noopener\" data-gtm-custom-categorie=\"navigation\" data-gtm-custom-action=\"crossclick\" data-gtm-custom-label=\"Contextuel\" data-gtm-event=\"customEventSPE\">pieddecochon.com<\/a><\/p>\n","protected":false},"excerpt":{"rendered":"Julia Vignali c\u00e9l\u00e8bre ses 50 ans ce dimanche 13 juillet. Gourmande, l\u2019animatrice a ses restaurants favoris \u00e0 Paris.&hellip;\n","protected":false},"author":2,"featured_media":248790,"comment_status":"","ping_status":"","sticky":false,"template":"","format":"standard","meta":{"footnotes":""},"categories":[1888],"tags":[1111,1928,11,1927,38906,1777,674,1011,27,1661,27579,12,1926,626,1925,25,1340],"class_list":{"0":"post-248789","1":"post","2":"type-post","3":"status-publish","4":"format-standard","5":"has-post-thumbnail","7":"category-paris","8":"tag-actu","9":"tag-actu-paris","10":"tag-actualites","11":"tag-actualites-paris","12":"tag-animatrice","13":"tag-eu","14":"tag-europe","15":"tag-fr","16":"tag-france","17":"tag-gastronomie","18":"tag-julia-vignali","19":"tag-news","20":"tag-news-paris","21":"tag-paris","22":"tag-paris-news","23":"tag-republique-francaise","24":"tag-restaurant"},"share_on_mastodon":{"url":"https:\/\/pubeurope.com\/@fr\/114850242444558343","error":""},"_links":{"self":[{"href":"https:\/\/www.europesays.com\/fr\/wp-json\/wp\/v2\/posts\/248789","targetHints":{"allow":["GET"]}}],"collection":[{"href":"https:\/\/www.europesays.com\/fr\/wp-json\/wp\/v2\/posts"}],"about":[{"href":"https:\/\/www.europesays.com\/fr\/wp-json\/wp\/v2\/types\/post"}],"author":[{"embeddable":true,"href":"https:\/\/www.europesays.com\/fr\/wp-json\/wp\/v2\/users\/2"}],"replies":[{"embeddable":true,"href":"https:\/\/www.europesays.com\/fr\/wp-json\/wp\/v2\/comments?post=248789"}],"version-history":[{"count":0,"href":"https:\/\/www.europesays.com\/fr\/wp-json\/wp\/v2\/posts\/248789\/revisions"}],"wp:featuredmedia":[{"embeddable":true,"href":"https:\/\/www.europesays.com\/fr\/wp-json\/wp\/v2\/media\/248790"}],"wp:attachment":[{"href":"https:\/\/www.europesays.com\/fr\/wp-json\/wp\/v2\/media?parent=248789"}],"wp:term":[{"taxonomy":"category","embeddable":true,"href":"https:\/\/www.europesays.com\/fr\/wp-json\/wp\/v2\/categories?post=248789"},{"taxonomy":"post_tag","embeddable":true,"href":"https:\/\/www.europesays.com\/fr\/wp-json\/wp\/v2\/tags?post=248789"}],"curies":[{"name":"wp","href":"https:\/\/api.w.org\/{rel}","templated":true}]}}