{"id":248795,"date":"2025-07-14T06:48:11","date_gmt":"2025-07-14T06:48:11","guid":{"rendered":"https:\/\/www.europesays.com\/fr\/248795\/"},"modified":"2025-07-14T06:48:11","modified_gmt":"2025-07-14T06:48:11","slug":"176-personnes-interpellees-15-000-mortiers-saisis-une-nuit-tres-active-pour-la-soiree-du-13-juillet-a-paris-et-en-ile-de-france","status":"publish","type":"post","link":"https:\/\/www.europesays.com\/fr\/248795\/","title":{"rendered":"176 personnes interpell\u00e9es, 15\u00a0000 mortiers saisis\u00a0: \u00ab\u00a0une nuit tr\u00e8s active\u00a0\u00bb pour la soir\u00e9e du 13\u00a0juillet \u00e0 Paris et en \u00cele-de-France"},"content":{"rendered":"<p class=\"paragraph text_align_left lp-f-body-02\">Comme en 2024, la soir\u00e9e du 13 juillet a \u00e9t\u00e9 mouvement\u00e9e \u00e0 <a href=\"https:\/\/www.leparisien.fr\/paris-75\/\" target=\"_self\" rel=\"nofollow noopener\">Paris<\/a> et dans son agglom\u00e9ration. Dimanche soir, plusieurs personnes ont \u00e9t\u00e9 interpell\u00e9es, notamment pour le port et l\u2019usage de mortiers, a fait savoir ce lundi matin le pr\u00e9fet de police <a href=\"https:\/\/www.leparisien.fr\/politique\/laurent-nunez\/\" target=\"_self\" rel=\"nofollow noopener\">Laurent Nu\u00f1ez<\/a> sur le plateau de CNews\/Europe1.<\/p>\n<p class=\"paragraph text_align_left lp-f-body-02\">Dans le d\u00e9tail, 176 personnes ont \u00e9t\u00e9 interpell\u00e9es \u00e0 Paris et en petite couronne, contre 156 \u00e0 la m\u00eame date l\u2019an dernier. Lors de son interview, le pr\u00e9fet de police a indiqu\u00e9 que 43 d\u2019entre elles l\u2019\u00e9taient pour \u00ab le port ou l\u2019usage de mortiers \u00bb, parfois contre les forces de l\u2019ordre. Dans les jours qui ont pr\u00e9c\u00e9d\u00e9, ses services avaient proc\u00e9d\u00e9 \u00e0 de nombreux contr\u00f4les &#8211; environ 250 \u2013 sur la voie publique, dans des v\u00e9hicules ou des commerces, et avaient mis la main sur 15 000 mortiers. D\u2019autres ont \u00e9galement \u00e9t\u00e9 saisis hier.<\/p>\n<p class=\"paragraph text_align_left lp-f-body-02\">\u00ab En tant que pr\u00e9fet de police, je ne parlerais pas d\u2019une nuit calme. Il y a eu une nuit tr\u00e8s active au cours de laquelle les policiers et les gendarmes se sont beaucoup engag\u00e9s \u00bb, fait savoir Laurent Nunez, en r\u00e9f\u00e9rence \u00e0 l\u2019important dispositif d\u00e9ploy\u00e9 hier soir avec 11 500 agents engag\u00e9s. <\/p>\n<p class=\"paragraph text_align_left lp-f-body-02\">Dans cette soir\u00e9e, un gymnase a \u00e9galement pris feu et a \u00e9t\u00e9 d\u00e9truit dans la commune du Blanc-Mesnil, en Seine-Saint-Denis, \u00ab vraisemblablement par propagation \u00bb. D\u2019apr\u00e8s les premiers \u00e9l\u00e9ments, un v\u00e9hicule a pris feu avant que les flammes n\u2019atteignent le b\u00e2timent. \u00ab C\u2019est vraiment le fait notable de la nuit \u00bb, commente Laurent Nunez. <\/p>\n<p class=\"paragraph text_align_left lp-f-body-02\">Dans le m\u00eame temps que cette f\u00eate nationale, le <a href=\"https:\/\/www.leparisien.fr\/sports\/football\/psg\/\" target=\"_self\" rel=\"nofollow noopener\">Paris Saint-Germain<\/a> disputait \u00e9galement la finale de la Coupe du monde des clubs contre les Anglais de Chelsea. De quoi laisser craindre quelques attroupements \u00e0 Paris en cas de succ\u00e8s. Mais <a href=\"https:\/\/www.leparisien.fr\/sports\/football\/coupe-du-monde-des-clubs\/chelsea-psg-3-0-le-feu-dartifice-est-annule-13-07-2025-BFTKWORG65BRRDAYCCLB4PO7PA.php\" target=\"_self\" rel=\"nofollow noopener\">la d\u00e9faite s\u00e8che des Parisiens (3-0)<\/a> n\u2019a entra\u00een\u00e9 aucun rassemblement, et encore moins de d\u00e9bordement. \u00ab S\u2019il y en avait eu, nous les aurions dispers\u00e9s \u00bb, poursuit le pr\u00e9fet de police. Plusieurs stations de m\u00e9tros \u00e9taient par ailleurs ferm\u00e9es aux abords des Champs-Elys\u00e9es.<\/p>\n<p>\u00ab Du monde partout dans Paris \u00bb ce soir<\/p>\n<p class=\"paragraph text_align_left lp-f-body-02\">Ce lundi 14 juillet au soir, \u00ab plusieurs dizaines de milliers de personnes \u00bb seront attendues pour observer les festivit\u00e9s, notamment autour de la <a href=\"https:\/\/www.leparisien.fr\/paris-75\/tour-eiffel\/\" target=\"_self\" rel=\"nofollow noopener\">tour Eiffel<\/a>. \u00ab Ce sont deux jours de forte mobilisation des effectifs. Nous avons aussi le d\u00e9fil\u00e9 dont il faut assurer la s\u00e9curit\u00e9. Et ce soir, un concert se tient sur le Champ de Mars, <a href=\"https:\/\/www.leparisien.fr\/paris-75\/feu-dartifice-du-14-juillet-a-paris-on-a-assiste-aux-repetitions-du-ballet-des-drones-et-ca-sannonce-grandiose-14-07-2025-AVTP6UXTOFDDJNP3WBV4X2NMEY.php\" target=\"_self\" rel=\"nofollow noopener\">suivi d\u2019un spectacle pyrotechnique<\/a>. La place du Trocad\u00e9ro, sur sa partie haute sera remplie. Et il y aura du monde partout dans Paris \u00bb, pr\u00e9vient Laurent Nunez, indiquant que le m\u00eame dispositif que la veille sera d\u00e9ploy\u00e9.<\/p>\n","protected":false},"excerpt":{"rendered":"Comme en 2024, la soir\u00e9e du 13 juillet a \u00e9t\u00e9 mouvement\u00e9e \u00e0 Paris et dans son agglom\u00e9ration. Dimanche&hellip;\n","protected":false},"author":2,"featured_media":248796,"comment_status":"","ping_status":"","sticky":false,"template":"","format":"standard","meta":{"footnotes":""},"categories":[1888],"tags":[11,1777,674,1011,27,1944,12,626,25],"class_list":{"0":"post-248795","1":"post","2":"type-post","3":"status-publish","4":"format-standard","5":"has-post-thumbnail","7":"category-paris","8":"tag-actualites","9":"tag-eu","10":"tag-europe","11":"tag-fr","12":"tag-france","13":"tag-ma-ville","14":"tag-news","15":"tag-paris","16":"tag-republique-francaise"},"share_on_mastodon":{"url":"https:\/\/pubeurope.com\/@fr\/114850254462235278","error":""},"_links":{"self":[{"href":"https:\/\/www.europesays.com\/fr\/wp-json\/wp\/v2\/posts\/248795","targetHints":{"allow":["GET"]}}],"collection":[{"href":"https:\/\/www.europesays.com\/fr\/wp-json\/wp\/v2\/posts"}],"about":[{"href":"https:\/\/www.europesays.com\/fr\/wp-json\/wp\/v2\/types\/post"}],"author":[{"embeddable":true,"href":"https:\/\/www.europesays.com\/fr\/wp-json\/wp\/v2\/users\/2"}],"replies":[{"embeddable":true,"href":"https:\/\/www.europesays.com\/fr\/wp-json\/wp\/v2\/comments?post=248795"}],"version-history":[{"count":0,"href":"https:\/\/www.europesays.com\/fr\/wp-json\/wp\/v2\/posts\/248795\/revisions"}],"wp:featuredmedia":[{"embeddable":true,"href":"https:\/\/www.europesays.com\/fr\/wp-json\/wp\/v2\/media\/248796"}],"wp:attachment":[{"href":"https:\/\/www.europesays.com\/fr\/wp-json\/wp\/v2\/media?parent=248795"}],"wp:term":[{"taxonomy":"category","embeddable":true,"href":"https:\/\/www.europesays.com\/fr\/wp-json\/wp\/v2\/categories?post=248795"},{"taxonomy":"post_tag","embeddable":true,"href":"https:\/\/www.europesays.com\/fr\/wp-json\/wp\/v2\/tags?post=248795"}],"curies":[{"name":"wp","href":"https:\/\/api.w.org\/{rel}","templated":true}]}}