{"id":248799,"date":"2025-07-14T06:50:10","date_gmt":"2025-07-14T06:50:10","guid":{"rendered":"https:\/\/www.europesays.com\/fr\/248799\/"},"modified":"2025-07-14T06:50:10","modified_gmt":"2025-07-14T06:50:10","slug":"trump-annonce-lenvoi-de-systemes-antiaeriens-patriot-a-kyiv-liberation","status":"publish","type":"post","link":"https:\/\/www.europesays.com\/fr\/248799\/","title":{"rendered":"Trump annonce l\u2019envoi de syst\u00e8mes antia\u00e9riens Patriot \u00e0 Kyiv \u2013 Lib\u00e9ration"},"content":{"rendered":"<p class=\"sc-ksZaOG ehjQrN text-element\">Une nouvelle volte-face, deux semaines apr\u00e8s avoir annonc\u00e9 la <a href=\"https:\/\/www.liberation.fr\/international\/amerique\/gel-de-livraisons-darmes-a-lukraine-les-etats-unis-preservent-leur-stock-exposant-leur-allie-au-feu-russe-20250702_Z3LJ3RTGCZF3FL4DZN3UO3XVMU\/\" target=\"_blank\" rel=\"noreferrer noopener\" title=\"https:\/\/www.liberation.fr\/international\/amerique\/gel-de-livraisons-darmes-a-lukraine-les-etats-unis-preservent-leur-stock-exposant-leur-allie-au-feu-russe-20250702_Z3LJ3RTGCZF3FL4DZN3UO3XVMU\/\">suspension de certaines livraisons d\u2019armes<\/a> \u00e0 Kyiv. Donald\u00a0Trump\u00a0a d\u00e9clar\u00e9 dimanche soir que les Etats-Unis allaient envoyer des syst\u00e8mes de d\u00e9fense antia\u00e9rienne Patriot \u00e0 l\u2019Ukraine pour l\u2019aider \u00e0 r\u00e9pondre aux frappes russes, au moment o\u00f9 <a href=\"https:\/\/www.liberation.fr\/international\/amerique\/il-veut-juste-continuer-de-tuer-des-gens-apres-son-appel-avec-poutine-trump-menace-moscou-de-nouvelles-sanctions-20250705_ZXUTZAF4CVASXHNJKGUPMOTXLY\/\" target=\"_blank\" rel=\"noreferrer noopener\" title=\"https:\/\/www.liberation.fr\/international\/amerique\/il-veut-juste-continuer-de-tuer-des-gens-apres-son-appel-avec-poutine-trump-menace-moscou-de-nouvelles-sanctions-20250705_ZXUTZAF4CVASXHNJKGUPMOTXLY\/\">ses relations avec le pr\u00e9sident russe<\/a> montrent une d\u00e9gradation. \u00abNous leur enverrons des Patriot, dont ils ont d\u00e9sesp\u00e9r\u00e9ment besoin, a d\u00e9clar\u00e9 Donald\u00a0Trump. Je n\u2019ai pas encore d\u00e9cid\u00e9 du nombre mais ils vont en avoir parce qu\u2019ils ont besoin de protection.\u00bb La livraison fera partie d\u2019un accord impliquant l\u2019Otan qui paiera les Etats-Unis pour des armes qu\u2019elle enverra \u00e0 l\u2019Ukraine, selon Trump\u00a0: \u00abNous allons en fait leur envoyer divers \u00e9quipements militaires tr\u00e8s sophistiqu\u00e9s et ils vont nous les payer \u00e0 100\u00a0%.\u00bb Volodymyr Zelensky avait indiqu\u00e9 vendredi avoir eu une conversation t\u00e9l\u00e9phonique avec son homologue am\u00e9ricain, lors de laquelle ils avaient convenu de \u00abrenforcer la protection\u00bb du ciel ukrainien apr\u00e8s une nouvelle attaque massive de drones et de missiles russes.<\/p>\n<p class=\"sc-ksZaOG ehjQrN text-element\">Donald\u00a0Trump, qui avait au d\u00e9but de son mandat tent\u00e9 de convaincre Vladimir Poutine de n\u00e9gocier sur la fin du conflit, a de nouveau fait part <a href=\"https:\/\/www.liberation.fr\/international\/amerique\/trump-accuse-poutine-de-dire-beaucoup-de-conneries-sur-lukraine-et-laisse-planer-le-doute-sur-de-nouvelles-sanctions-20250709_NPNWS7NQS5HAXN3FNFAFCVJA6U\/\" target=\"_blank\" rel=\"noreferrer noopener\" title=\"https:\/\/www.liberation.fr\/international\/amerique\/trump-accuse-poutine-de-dire-beaucoup-de-conneries-sur-lukraine-et-laisse-planer-le-doute-sur-de-nouvelles-sanctions-20250709_NPNWS7NQS5HAXN3FNFAFCVJA6U\/\">de sa d\u00e9ception<\/a> au vu des intenses frappes russes qui ont continu\u00e9 \u00e0 s\u2019abattre sur l\u2019Ukraine, sans cessez-le-feu en vue. \u00abPoutine a vraiment surpris beaucoup de gens. Il parle gentiment et ensuite il bombarde tout le monde le soir\u00bb, a d\u00e9clar\u00e9 le chef d\u2019Etat am\u00e9ricain, visiblement m\u00e9content. Trump\u00a0a \u00e9galement pr\u00e9cis\u00e9 qu\u2019il rencontrerait <a href=\"https:\/\/www.liberation.fr\/international\/europe\/donald-trump-et-lotan-la-securite-de-leurope-vaut-bien-une-lettre-20250624_B2EL255UUJBCBFUJSTYGG6VVQ4\/\" target=\"_blank\" rel=\"noreferrer noopener\" title=\"https:\/\/www.liberation.fr\/international\/europe\/donald-trump-et-lotan-la-securite-de-leurope-vaut-bien-une-lettre-20250624_B2EL255UUJBCBFUJSTYGG6VVQ4\/\">le secr\u00e9taire g\u00e9n\u00e9ral de l\u2019Otan, Mark Rutte<\/a>, ce lundi, date \u00e0 laquelle il a annonc\u00e9 pr\u00e9c\u00e9demment avoir \u00abune d\u00e9claration importante \u00e0 faire sur la Russie\u00bb, laissant la porte ouverte \u00e0 un possible renforcement des sanctions. L\u2019\u00e9missaire am\u00e9ricain Keith Kellogg doit \u00e9galement entamer une nouvelle visite en Ukraine lundi.<\/p>\n<p class=\"sc-ksZaOG ehjQrN text-element\">L\u2019influent s\u00e9nateur r\u00e9publicain de Caroline du Sud, <a href=\"https:\/\/www.liberation.fr\/international\/amerique\/le-senateur-republicain-lindsey-graham-propose-dinterdire-lavortement-apres-15-semaines-de-grossesse-20220913_Z5C65EK2HVF4LNVLFLBJFCYAIM\/\" target=\"_blank\" rel=\"noreferrer noopener\" title=\"https:\/\/www.liberation.fr\/international\/amerique\/le-senateur-republicain-lindsey-graham-propose-dinterdire-lavortement-apres-15-semaines-de-grossesse-20220913_Z5C65EK2HVF4LNVLFLBJFCYAIM\/\">Lindsey Graham<\/a>, a pour sa part d\u00e9fendu \u00e0 nouveau dimanche sa proposition de sanctions drastiques contre Moscou, un projet semblant progresser \u00e0 mesure que s\u2019accro\u00eet la frustration de Trump\u00a0vis-\u00e0-vis du Kremlin. \u00abUn tournant arrive\u00bb dans la guerre en Ukraine, a d\u00e9clar\u00e9 le s\u00e9nateur r\u00e9publicain sur CBS. Sa proposition \u00abdonnerait au pr\u00e9sident\u00a0Trump\u00a0la capacit\u00e9 d\u2019imposer des <a href=\"https:\/\/www.liberation.fr\/tags\/guerre-commerciale\/\" target=\"_blank\" rel=\"noreferrer noopener\" title=\"https:\/\/www.liberation.fr\/tags\/guerre-commerciale\/\">droits de douane de 500\u00a0%<\/a> sur n\u2019importe quel pays qui aide la Russie et soutient la machine de guerre de Poutine.\u00bb Donald\u00a0Trump\u00a0avait dit mardi \u00ab\u00e9tudier de tr\u00e8s pr\u00e8s\u00bb cette proposition. \u00abC\u2019est un coup de massue que le pr\u00e9sident\u00a0Trump\u00a0aura \u00e0 sa disposition pour mettre fin \u00e0 la guerre\u00bb, a insist\u00e9 Lindsey Graham, qui s\u2019est rendu en Europe cette semaine pour d\u00e9fendre ses mesures au c\u00f4t\u00e9 de son partenaire d\u00e9mocrate Richard Blumenthal. Les deux s\u00e9nateurs doivent aussi s\u2019entretenir lundi avec <a href=\"https:\/\/www.liberation.fr\/politique\/face-a-trump-le-leche-botte-blues-des-europeens-20250627_3XF3U7VHLZE5DIFCSU7PQ2GQGM\/\" target=\"_blank\" rel=\"noreferrer noopener\" title=\"https:\/\/www.liberation.fr\/politique\/face-a-trump-le-leche-botte-blues-des-europeens-20250627_3XF3U7VHLZE5DIFCSU7PQ2GQGM\/\">le secr\u00e9taire g\u00e9n\u00e9ral de l\u2019Otan<\/a>.<\/p>\n<p class=\"sc-ksZaOG ehjQrN text-element\">Lindsey Graham a \u00e9galement \u00e9voqu\u00e9 dimanche de possibles mesures visant les avoirs russes gel\u00e9s ou encore la vente aux alli\u00e9s europ\u00e9ens d\u2019\u00ab\u00e9normes quantit\u00e9s d\u2019armes qui pourront b\u00e9n\u00e9ficier \u00e0 l\u2019Ukraine\u00bb. Les mesures propos\u00e9es par les deux s\u00e9nateurs am\u00e9ricains font partie des moyens qui \u00abpeuvent nous rapprocher de la paix\u00bb, a \u00e9crit jeudi sur X Volodymyr Zelensky, qui ne cesse de r\u00e9clamer un renforcement des sanctions am\u00e9ricaines contre la Russie.<\/p>\n<p class=\"sc-ksZaOG ehjQrN text-element\">Sur le terrain, les frappes a\u00e9riennes russes contre l\u2019Ukraine se sont intensifi\u00e9es ces derni\u00e8res semaines, et Moscou bat chaque semaine des records en nombre d\u2019engins tir\u00e9s, fournis notamment par une industrie de d\u00e9fense qui tourne \u00e0 plein r\u00e9gime. Ce lundi matin encore, une attaque a fait au moins trois bless\u00e9s dans le district de Dnipro, a indiqu\u00e9 lundi matin le gouverneur de la r\u00e9gion Dnipropetrovsk, dans l\u2019est du pays, sur Telegram.<\/p>\n","protected":false},"excerpt":{"rendered":"Une nouvelle volte-face, deux semaines apr\u00e8s avoir annonc\u00e9 la suspension de certaines livraisons d\u2019armes \u00e0 Kyiv. Donald\u00a0Trump\u00a0a d\u00e9clar\u00e9&hellip;\n","protected":false},"author":2,"featured_media":248800,"comment_status":"","ping_status":"","sticky":false,"template":"","format":"standard","meta":{"footnotes":""},"categories":[1590],"tags":[11,75,73,1777,674,12,136,132,220,297,135,134],"class_list":{"0":"post-248799","1":"post","2":"type-post","3":"status-publish","4":"format-standard","5":"has-post-thumbnail","7":"category-ukraine","8":"tag-actualites","9":"tag-donald-trump","10":"tag-etats-unis","11":"tag-eu","12":"tag-europe","13":"tag-news","14":"tag-otan","15":"tag-russie","16":"tag-ukraine","17":"tag-ukraine-la-crise","18":"tag-vladimir-poutine","19":"tag-volodymyr-zelensky"},"share_on_mastodon":{"url":"https:\/\/pubeurope.com\/@fr\/114850262075384840","error":""},"_links":{"self":[{"href":"https:\/\/www.europesays.com\/fr\/wp-json\/wp\/v2\/posts\/248799","targetHints":{"allow":["GET"]}}],"collection":[{"href":"https:\/\/www.europesays.com\/fr\/wp-json\/wp\/v2\/posts"}],"about":[{"href":"https:\/\/www.europesays.com\/fr\/wp-json\/wp\/v2\/types\/post"}],"author":[{"embeddable":true,"href":"https:\/\/www.europesays.com\/fr\/wp-json\/wp\/v2\/users\/2"}],"replies":[{"embeddable":true,"href":"https:\/\/www.europesays.com\/fr\/wp-json\/wp\/v2\/comments?post=248799"}],"version-history":[{"count":0,"href":"https:\/\/www.europesays.com\/fr\/wp-json\/wp\/v2\/posts\/248799\/revisions"}],"wp:featuredmedia":[{"embeddable":true,"href":"https:\/\/www.europesays.com\/fr\/wp-json\/wp\/v2\/media\/248800"}],"wp:attachment":[{"href":"https:\/\/www.europesays.com\/fr\/wp-json\/wp\/v2\/media?parent=248799"}],"wp:term":[{"taxonomy":"category","embeddable":true,"href":"https:\/\/www.europesays.com\/fr\/wp-json\/wp\/v2\/categories?post=248799"},{"taxonomy":"post_tag","embeddable":true,"href":"https:\/\/www.europesays.com\/fr\/wp-json\/wp\/v2\/tags?post=248799"}],"curies":[{"name":"wp","href":"https:\/\/api.w.org\/{rel}","templated":true}]}}