{"id":248801,"date":"2025-07-14T06:51:09","date_gmt":"2025-07-14T06:51:09","guid":{"rendered":"https:\/\/www.europesays.com\/fr\/248801\/"},"modified":"2025-07-14T06:51:09","modified_gmt":"2025-07-14T06:51:09","slug":"les-larmes-de-crocodile-des-europeens-qui-refusent-dacheter-europeen-1-6","status":"publish","type":"post","link":"https:\/\/www.europesays.com\/fr\/248801\/","title":{"rendered":"les larmes de crocodile des Europ\u00e9ens qui refusent d&rsquo;acheter&#8230; europ\u00e9en (1\/6)"},"content":{"rendered":"<p>Que reste-t-il de l&rsquo;effroi des capitales europ\u00e9ennes et des institutions de l&rsquo;Union europ\u00e9enne depuis l&rsquo;\u00e9lection Donald Trump, depuis les propos du vice-pr\u00e9sident am\u00e9ricain lors de la conf\u00e9rence de Munich sur la s\u00e9curit\u00e9 et, plus encore, apr\u00e8s avoir assist\u00e9 en direct \u00e0 la visite du pr\u00e9sident ukrainien dans le bureau ovale \u00e0 Washington ?Pas grand chose. La pseudo-r\u00e9conciliation \u00e0 Rome entre les deux pr\u00e9sidents am\u00e9ricain et ukrainien sur fond de pr\u00e9dation de l&rsquo;\u00e9conomie ukrainienne par les Etats-Unis ne marque pas d&rsquo;inflexion. Au contraire, cette dynamique, accompagn\u00e9e d&rsquo;acteurs am\u00e9ricains de premier plan comme BlackRock et initi\u00e9e bien avant l&rsquo;\u00e9lection de Donald Trump, ne fait que s&rsquo;amplifier.<\/p>\n<p>Personne n&rsquo;ignore en Europe que les Europ\u00e9ens ont tr\u00e8s peu de prise sur les pr\u00e9sidents am\u00e9ricains, tant l&rsquo;actuel ou ses pr\u00e9d\u00e9cesseurs. Les \u00c9tats membres de l&rsquo;Union europ\u00e9enne (UE) ne peuvent donc compter que sur eux-m\u00eames et sur d&rsquo;\u00e9ventuels alli\u00e9s influents aux Etats-Unis. De plus, le dernier sommet de l&rsquo;OTAN, qui s&rsquo;est d\u00e9roul\u00e9 aux Pays-Bas en juin 2025, t\u00e9moigne d&rsquo;un alignement des Europ\u00e9ens sur les Etats-Unis.<\/p>\n<p>Quid de la volont\u00e9 des Europ\u00e9ens d&rsquo;\u00eatre souverains ?<\/p>\n<p>A ce stade d&rsquo;intensit\u00e9 et d&rsquo;enjeux g\u00e9opolitiques &#8211; une Russie tr\u00e8s agressive et des Etats-Unis consid\u00e9r\u00e9s moins fiables -, il \u00e9tait l\u00e9gitime d&rsquo;esp\u00e9rer une r\u00e9action forte des Europ\u00e9ens visant \u00e0 s&rsquo;\u00e9manciper des d\u00e9pendances am\u00e9ricaines. Malgr\u00e9 ce constat partag\u00e9, aucune \u00e9volution effective n&rsquo;est \u00e0 noter ni m\u00eame \u00e0 envisager en mati\u00e8re de souverainet\u00e9 dans le secteur de la d\u00e9fense. Les taxes douani\u00e8res am\u00e9ricaines ne devraient pas davantage conna\u00eetre de r\u00e9action europ\u00e9enne et c&rsquo;est en grande partie li\u00e9 aux choix op\u00e9r\u00e9s dans la d\u00e9fense par les Europ\u00e9ens.<\/p>\n<p>Des pleurs d&rsquo;un ancien conseiller d&rsquo;Angela Merkel en charge de la conf\u00e9rence de Munich aux larmes de crocodile de tout horizon de l&rsquo;UE, sur les soutiens \u00e0 l&rsquo;Ukraine comme sur la protection de l&rsquo;Europe, il ne reste qu&rsquo;une volont\u00e9 de business avec les Etats-Unis exprim\u00e9e par des Europ\u00e9ens non align\u00e9s entre eux.\u00a0En tout \u00e9tat de cause, les Russes savent tr\u00e8s bien que, sauf la France, les arm\u00e9es europ\u00e9ennes sont \u00e9quip\u00e9es d&rsquo;armes am\u00e9ricaines non utilisables sans l&rsquo;accord des Etats-Unis. Personne en Europe n&rsquo;est dupe \u00e9galement. Le nouveau chancelier allemand, Friedrich Merz, a n\u00e9anmoins \u00e9voqu\u00e9 un int\u00e9r\u00eat manifeste dans un rapprochement avec les Britanniques et les Fran\u00e7ais concernant un parapluie nucl\u00e9aire.<\/p>\n<p>La coop\u00e9ration franco-britannique est essentielle notamment dans la d\u00e9fense, mais, en mati\u00e8re nucl\u00e9aire, il convient de rappeler que les Britanniques ne sont pas souverains. Ils d\u00e9pendent des Etats-Unis. On ne peut pas s\u00e9rieusement imaginer qu&rsquo;un chancelier allemand ne le sache pas. Seule la France peut donc prot\u00e9ger les Europ\u00e9ens avec son armement nucl\u00e9aire. Emmanuel Macron a d&rsquo;ailleurs ouvert une porte en ce sens. Cependant, est-il encore cr\u00e9dible et concevable de d\u00e9fendre des pays qui ont fait le choix d&rsquo;\u00eatre soumis \u00e0 la protection des Etats-Unis, allant ainsi \u00e0 l&rsquo;encontre les int\u00e9r\u00eats de nos industries de d\u00e9fense, c&rsquo;est \u00e0 dire des moyens de notre souverainet\u00e9 ?<\/p>\n<p>\u00ab\u00a0Pour qui nous prend-on ?\u00a0\u00bb<\/p>\n<p>Les \u00c9tats europ\u00e9ens qui ach\u00e8tent des mat\u00e9riels am\u00e9ricains ne le font pas par erreur ou par na\u00efvet\u00e9 mais par choix assum\u00e9. L&rsquo;Allemagne a fait le choix d&rsquo;acheter des avions aux Etats-Unis. Ces a\u00e9ronefs sont les seuls \u00e0 \u00eatre autoris\u00e9s \u00e0 porter la bombe atomique am\u00e9ricaine. Pour huit milliards d&rsquo;euros, des F35 seront livr\u00e9s \u00e0 l&rsquo;Allemagne avec une mise en service d\u00e8s 2027 sur la base de B\u00fcchel, dont la modernisation va co\u00fbter, selon la presse allemande, un milliard d&rsquo;euros afin d&rsquo;accueillir la bombe am\u00e9ricaine.<\/p>\n<p>Ces avions am\u00e9ricains seront, de surcro\u00eet, en partie int\u00e9gr\u00e9s sur le sol europ\u00e9en par une entreprise phare en Allemagne dans le secteur de la d\u00e9fense, Rheinmetall. Laquelle vient \u00e9galement d&rsquo;annoncer une coop\u00e9ration avec Lockheed Martin pour d\u00e9velopper des missiles et, le 18 juin 2025, une autre avec la soci\u00e9t\u00e9 Anduril. On notera que m\u00eame MBDA Allemagne, pourtant une belle r\u00e9ussite europ\u00e9enne, d\u00e9cide de s&rsquo;associer \u00e0 une entreprise am\u00e9ricaine afin de produire des missiles Patriot am\u00e9ricains.<\/p>\n<p>Personne en Allemagne n&rsquo;a manifest\u00e9 une intention de renoncer \u00e0 ces choix continus depuis des d\u00e9cennies bien que sachant parfaitement ce qu&rsquo;ils impliquent en mati\u00e8re de d\u00e9pendance \u00e0 l&rsquo;\u00e9gard d&rsquo;un pays tiers. Tant qu&rsquo;il en sera ainsi, aucune \u00e9volution ne sera possible en faveur de la souverainet\u00e9 europ\u00e9enne. En l&rsquo;esp\u00e8ce, nous pourrions d\u00e9j\u00e0 arr\u00eater toute analyse. D\u00e9noncer les contrats avec les Etats-Unis ou avec d&rsquo;autres pays tiers \u00e0 l&rsquo;UE, a minima ne plus leur commander et acheter fran\u00e7ais &#8211; voire europ\u00e9en &#8211; est un pr\u00e9-requis afin de concevoir une d\u00e9fense commune entre Europ\u00e9ens.<\/p>\n<p>Ne pas d\u00e9pendre d&rsquo;un pays tiers pour sa d\u00e9fense est un pr\u00e9alable. Cette d\u00e9marche est possible mais refus\u00e9e en Europe. En France, nous sommes souverains quand nos entreprises sont propri\u00e9taires de la R&amp;D, quand elles produisent sur notre sol sans recourir \u00e0 des composants strat\u00e9giques \u00e9trangers et quand la commande publique de d\u00e9fense ach\u00e8te cette production.<\/p>\n<p>Une Europe align\u00e9e sur les positions de Berlin<\/p>\n<p>Une \u00e9crasante majorit\u00e9 d&rsquo;\u00c9tats europ\u00e9ens est sur la m\u00eame ligne que l&rsquo;Allemagne.\u00a0L&rsquo;Italie assemblera 130 avions et devrait assurer la maintenance des avions \u00ab\u00a0made in USA\u00a0\u00bb pr\u00e9sents sur le sol europ\u00e9en. Belges et N\u00e9erlandais ont aussi n\u00e9goci\u00e9 des \u00ab\u00a0retours\u00a0\u00bb sur acquisition. La Belgique a confirm\u00e9 sa commande de F35 et la Pologne vient encore d&rsquo;acheter pour des milliards de missiles am\u00e9ricains.<\/p>\n<p>Aucun des d\u00e9cideurs politiques europ\u00e9ens n&rsquo;a fait semblant de vouloir une souverainet\u00e9 europ\u00e9enne \u00e0 l&rsquo;exception de quelques fantasmes d\u00e9cal\u00e9s de la r\u00e9alit\u00e9 qui ont resurgi principalement en France. Bilan : au-del\u00e0 des formules creuses sur l&rsquo;utilit\u00e9 ou la non-utilit\u00e9 de l&rsquo;Europe qui exasp\u00e8rent, aucun n&rsquo;a renonc\u00e9 \u00e0 des acquisitions de mat\u00e9riels de d\u00e9fense am\u00e9ricain, malgr\u00e9 le contexte actuel.<\/p>\n<p>L&rsquo;Europe engage des moyens importants pour r\u00e9armer. Plusieurs \u00c9tats pourraient \u00ab\u00a0jouer\u00a0la carte\u00a0\u00bb am\u00e9ricaine et en parall\u00e8le \u00ab\u00a0une carte UE\u00a0\u00bb. Les volumes financiers que repr\u00e9sentent ces achats d&rsquo;armements produits aux Etats-Unis et vendus en Europe sont consid\u00e9rables. Vu les int\u00e9r\u00eats des entreprises am\u00e9ricaines, des employ\u00e9s et des financiers am\u00e9ricains, des pertes de contrats feraient pourtant r\u00e9agir. Pourquoi l&rsquo;UE se prive-t-elle volontairement d&rsquo;effets de levier aux Etats-Unis comme la recherche d&rsquo;une souverainet\u00e9 en commun ?<\/p>\n<p>L&rsquo;attaque de la Russie &#8211; dont la responsabilit\u00e9 est \u00e9tablie &#8211; puis le prolongement de la guerre russo-ukrainienne ont d\u00e9j\u00e0 \u00e9t\u00e9 tr\u00e8s profitables aux int\u00e9r\u00eats am\u00e9ricains dans la d\u00e9fense. Le r\u00e9armement de l&rsquo;UE pourrait \u00eatre intelligemment \u00e9quilibr\u00e9s entre les fournisseurs am\u00e9ricains et Europ\u00e9ens comme entre fournisseurs Europ\u00e9ens.<\/p>\n<p>Nul n&rsquo;a int\u00e9r\u00eat \u00e0 sombrer dans l&rsquo;anti-am\u00e9ricanisme primaire. La coop\u00e9ration avec les Etats-Unis est utile en mati\u00e8re de d\u00e9fense. Les Am\u00e9ricains d\u00e9fendent leurs int\u00e9r\u00eats, ce n&rsquo;est pas une d\u00e9couverte. De m\u00eame, nous n&rsquo;ignorons pas qu&rsquo;ils ne sont pas membres de l&rsquo;UE et qu&rsquo;en cons\u00e9quence, ils ne participent pas \u00e0 ses prises de d\u00e9cision. Le refus de souverainet\u00e9 europ\u00e9enne face aux Etats-Unis incombe aux Europ\u00e9ens et \u00e0 eux seuls. Il a une explication : une guerre \u00e9conomique entre Europ\u00e9ens qui s&rsquo;intensifie dans le secteur de la d\u00e9fense, avec ou sans coop\u00e9rations avec les Etats-Unis.<\/p>\n","protected":false},"excerpt":{"rendered":"Que reste-t-il de l&rsquo;effroi des capitales europ\u00e9ennes et des institutions de l&rsquo;Union europ\u00e9enne depuis l&rsquo;\u00e9lection Donald Trump, depuis&hellip;\n","protected":false},"author":2,"featured_media":248802,"comment_status":"","ping_status":"","sticky":false,"template":"","format":"standard","meta":{"footnotes":""},"categories":[1589],"tags":[17,11,17315,554,154,73,1866,11201,19024,151,12,4536,1427,1864,1865,1863,308],"class_list":{"0":"post-248801","1":"post","2":"type-post","3":"status-publish","4":"format-standard","5":"has-post-thumbnail","7":"category-etats-unis","8":"tag-17","9":"tag-actualites","10":"tag-crocodile","11":"tag-defense","12":"tag-des","13":"tag-etats-unis","14":"tag-etats-unis-damerique","15":"tag-europeens","16":"tag-larmes","17":"tag-les","18":"tag-news","19":"tag-opinion","20":"tag-opinions","21":"tag-united-states","22":"tag-united-states-of-america","23":"tag-us","24":"tag-usa"},"share_on_mastodon":{"url":"https:\/\/pubeurope.com\/@fr\/114850266004088995","error":""},"_links":{"self":[{"href":"https:\/\/www.europesays.com\/fr\/wp-json\/wp\/v2\/posts\/248801","targetHints":{"allow":["GET"]}}],"collection":[{"href":"https:\/\/www.europesays.com\/fr\/wp-json\/wp\/v2\/posts"}],"about":[{"href":"https:\/\/www.europesays.com\/fr\/wp-json\/wp\/v2\/types\/post"}],"author":[{"embeddable":true,"href":"https:\/\/www.europesays.com\/fr\/wp-json\/wp\/v2\/users\/2"}],"replies":[{"embeddable":true,"href":"https:\/\/www.europesays.com\/fr\/wp-json\/wp\/v2\/comments?post=248801"}],"version-history":[{"count":0,"href":"https:\/\/www.europesays.com\/fr\/wp-json\/wp\/v2\/posts\/248801\/revisions"}],"wp:featuredmedia":[{"embeddable":true,"href":"https:\/\/www.europesays.com\/fr\/wp-json\/wp\/v2\/media\/248802"}],"wp:attachment":[{"href":"https:\/\/www.europesays.com\/fr\/wp-json\/wp\/v2\/media?parent=248801"}],"wp:term":[{"taxonomy":"category","embeddable":true,"href":"https:\/\/www.europesays.com\/fr\/wp-json\/wp\/v2\/categories?post=248801"},{"taxonomy":"post_tag","embeddable":true,"href":"https:\/\/www.europesays.com\/fr\/wp-json\/wp\/v2\/tags?post=248801"}],"curies":[{"name":"wp","href":"https:\/\/api.w.org\/{rel}","templated":true}]}}