{"id":248803,"date":"2025-07-14T06:52:11","date_gmt":"2025-07-14T06:52:11","guid":{"rendered":"https:\/\/www.europesays.com\/fr\/248803\/"},"modified":"2025-07-14T06:52:11","modified_gmt":"2025-07-14T06:52:11","slug":"le-royaume-uni-lance-un-fonds-de-500-millions-de-livres-pour-les-enfants-vulnerables","status":"publish","type":"post","link":"https:\/\/www.europesays.com\/fr\/248803\/","title":{"rendered":"Le Royaume-Uni lance un fonds de 500\u00a0millions de livres pour les enfants vuln\u00e9rables"},"content":{"rendered":"<p>Le Royaume-Uni a annonc\u00e9 dimanche la cr\u00e9ation d&rsquo;un fonds de 500\u00a0millions de livres (675\u00a0millions de dollars) destin\u00e9 \u00e0 venir en aide \u00e0 pr\u00e8s de 200\u00a0000 enfants vuln\u00e9rables.<\/p>\n<p>\nLe \u00ab\u00a0Better Futures Fund\u00a0\u00bb vise \u00e0 soutenir les familles en difficult\u00e9 et \u00e0 offrir aux enfants un meilleur acc\u00e8s \u00e0 l&rsquo;\u00e9ducation ainsi qu&rsquo;\u00e0 un foyer s\u00fbr au cours des dix prochaines ann\u00e9es, selon le gouvernement.<\/p>\n<p>\nLe Premier ministre Keir Starmer et sa ministre des Finances Rachel Reeves subissent la pression de d\u00e9put\u00e9s de leur propre parti travailliste, qui r\u00e9clament davantage de soutien pour les familles \u00e0 faibles revenus.<\/p>\n<p>\nPlus t\u00f4t ce mois-ci, Keir Starmer a \u00e9t\u00e9 contraint d&rsquo;abandonner des \u00e9l\u00e9ments cl\u00e9s de son plan de r\u00e9forme du syst\u00e8me de protection sociale afin de faire adopter une l\u00e9gislation au Parlement.<\/p>\n<p>\n\u00ab\u00a0Ce fonds offrira \u00e0 des centaines de milliers d&rsquo;enfants, de jeunes et \u00e0 leurs familles une meilleure chance\u00a0\u00bb, a d\u00e9clar\u00e9 Rachel Reeves dans un communiqu\u00e9.<\/p>\n<p>\n\u00ab\u00a0Notre &lsquo;Plan pour le changement&rsquo; va lever les obstacles \u00e0 l&rsquo;\u00e9galit\u00e9 des chances et leur donner le meilleur d\u00e9part possible dans la vie.\u00a0\u00bb<\/p>\n<p>\nLe minist\u00e8re des Finances a indiqu\u00e9 qu&rsquo;il pr\u00e9voyait de mobiliser 500\u00a0millions de livres suppl\u00e9mentaires aupr\u00e8s des collectivit\u00e9s locales, d&rsquo;investisseurs sociaux et de philanthropes.<\/p>\n<p>\nMel Stride, porte-parole des finances pour le Parti conservateur d&rsquo;opposition, a salu\u00e9 ce nouveau financement tout en affirmant que les politiques \u00e9conomiques du Labour avaient nui aux familles en difficult\u00e9.<\/p>\n<p>\nLe gouvernement envisage \u00e9galement de supprimer la limitation des allocations familiales \u00e0 deux enfants, alors qu&rsquo;il r\u00e9\u00e9value plusieurs mesures impopulaires dans l&rsquo;espoir d&rsquo;enrayer la baisse de sa cote dans les sondages.<\/p>\n<p>\n(1\u00a0dollar = 0,7408\u00a0livre)<\/p>\n<p><\/p>\n","protected":false},"excerpt":{"rendered":"Le Royaume-Uni a annonc\u00e9 dimanche la cr\u00e9ation d&rsquo;un fonds de 500\u00a0millions de livres (675\u00a0millions de dollars) destin\u00e9 \u00e0&hellip;\n","protected":false},"author":2,"featured_media":248804,"comment_status":"","ping_status":"","sticky":false,"template":"","format":"standard","meta":{"footnotes":""},"categories":[1588],"tags":[11,340,1777,674,12,473,1853,1851,1850,1852],"class_list":{"0":"post-248803","1":"post","2":"type-post","3":"status-publish","4":"format-standard","5":"has-post-thumbnail","7":"category-royaume-uni","8":"tag-actualites","9":"tag-bourse","10":"tag-eu","11":"tag-europe","12":"tag-news","13":"tag-royaume-uni","14":"tag-royaume-uni-de-grande-bretagne-et-dirlande-du-nord","15":"tag-uk","16":"tag-united-kingdom","17":"tag-united-kingdom-of-great-britain-and-northern-ireland"},"share_on_mastodon":{"url":"https:\/\/pubeurope.com\/@fr\/114850269936262639","error":""},"_links":{"self":[{"href":"https:\/\/www.europesays.com\/fr\/wp-json\/wp\/v2\/posts\/248803","targetHints":{"allow":["GET"]}}],"collection":[{"href":"https:\/\/www.europesays.com\/fr\/wp-json\/wp\/v2\/posts"}],"about":[{"href":"https:\/\/www.europesays.com\/fr\/wp-json\/wp\/v2\/types\/post"}],"author":[{"embeddable":true,"href":"https:\/\/www.europesays.com\/fr\/wp-json\/wp\/v2\/users\/2"}],"replies":[{"embeddable":true,"href":"https:\/\/www.europesays.com\/fr\/wp-json\/wp\/v2\/comments?post=248803"}],"version-history":[{"count":0,"href":"https:\/\/www.europesays.com\/fr\/wp-json\/wp\/v2\/posts\/248803\/revisions"}],"wp:featuredmedia":[{"embeddable":true,"href":"https:\/\/www.europesays.com\/fr\/wp-json\/wp\/v2\/media\/248804"}],"wp:attachment":[{"href":"https:\/\/www.europesays.com\/fr\/wp-json\/wp\/v2\/media?parent=248803"}],"wp:term":[{"taxonomy":"category","embeddable":true,"href":"https:\/\/www.europesays.com\/fr\/wp-json\/wp\/v2\/categories?post=248803"},{"taxonomy":"post_tag","embeddable":true,"href":"https:\/\/www.europesays.com\/fr\/wp-json\/wp\/v2\/tags?post=248803"}],"curies":[{"name":"wp","href":"https:\/\/api.w.org\/{rel}","templated":true}]}}