{"id":248805,"date":"2025-07-14T06:53:12","date_gmt":"2025-07-14T06:53:12","guid":{"rendered":"https:\/\/www.europesays.com\/fr\/248805\/"},"modified":"2025-07-14T06:53:12","modified_gmt":"2025-07-14T06:53:12","slug":"choose-germany-promouvoir-lattractivite-de-lallemagne-pour-les-investisseurs-israeliennes","status":"publish","type":"post","link":"https:\/\/www.europesays.com\/fr\/248805\/","title":{"rendered":"\u00ab\u00a0Choose Germany\u00a0\u00bb, promouvoir l&rsquo;attractivit\u00e9 de l&rsquo;Allemagne pour les investisseurs isra\u00e9liennes."},"content":{"rendered":"<p>Choose France, lanc\u00e9 par Emmanuel Macron, fait des \u00e9mules. Le nouveau chancelier allemand <a class=\"sc-1q3ut16-0 gBTVAV\" href=\"https:\/\/www.lesechos.fr\/monde\/europe\/en-allemagne-premieres-tensions-au-sein-de-la-coalition-de-friedrich-merz-2174602\" rel=\"nofollow noopener\" target=\"_blank\">Friedrich Merz<\/a> va recevoir mardi soir plusieurs investisseurs pour promouvoir l\u2019attractivit\u00e9 de l\u2019Allemagne.<\/p>\n<p>\u00ab\u00a0C\u2019est l\u2019objectif du gouvernement\u00a0: faire de l\u2019Allemagne un lieu v\u00e9ritablement attractif pour les investissements nationaux et \u00e9trangers\u00a0\u00bb, a d\u00e9clar\u00e9 vendredi un porte-parole du chancelier.<\/p>\n<p>L\u2019initiative est con\u00e7ue comme une premi\u00e8re \u00e9tape avant la tenue d\u2019une \u00ab\u00a0conf\u00e9rence d\u2019investisseurs\u00a0\u00bb avec des patrons internationaux.<\/p>\n","protected":false},"excerpt":{"rendered":"Choose France, lanc\u00e9 par Emmanuel Macron, fait des \u00e9mules. Le nouveau chancelier allemand Friedrich Merz va recevoir mardi&hellip;\n","protected":false},"author":2,"featured_media":248806,"comment_status":"","ping_status":"","sticky":false,"template":"","format":"standard","meta":{"footnotes":""},"categories":[1587],"tags":[11,672,1804,1805,1803,1777,674,1801,12,1802],"class_list":{"0":"post-248805","1":"post","2":"type-post","3":"status-publish","4":"format-standard","5":"has-post-thumbnail","7":"category-allemagne","8":"tag-actualites","9":"tag-allemagne","10":"tag-bundesrepublik-deutschland","11":"tag-de","12":"tag-deutschland","13":"tag-eu","14":"tag-europe","15":"tag-germany","16":"tag-news","17":"tag-republique-federale-dallemagne"},"share_on_mastodon":{"url":"https:\/\/pubeurope.com\/@fr\/114850273889092352","error":""},"_links":{"self":[{"href":"https:\/\/www.europesays.com\/fr\/wp-json\/wp\/v2\/posts\/248805","targetHints":{"allow":["GET"]}}],"collection":[{"href":"https:\/\/www.europesays.com\/fr\/wp-json\/wp\/v2\/posts"}],"about":[{"href":"https:\/\/www.europesays.com\/fr\/wp-json\/wp\/v2\/types\/post"}],"author":[{"embeddable":true,"href":"https:\/\/www.europesays.com\/fr\/wp-json\/wp\/v2\/users\/2"}],"replies":[{"embeddable":true,"href":"https:\/\/www.europesays.com\/fr\/wp-json\/wp\/v2\/comments?post=248805"}],"version-history":[{"count":0,"href":"https:\/\/www.europesays.com\/fr\/wp-json\/wp\/v2\/posts\/248805\/revisions"}],"wp:featuredmedia":[{"embeddable":true,"href":"https:\/\/www.europesays.com\/fr\/wp-json\/wp\/v2\/media\/248806"}],"wp:attachment":[{"href":"https:\/\/www.europesays.com\/fr\/wp-json\/wp\/v2\/media?parent=248805"}],"wp:term":[{"taxonomy":"category","embeddable":true,"href":"https:\/\/www.europesays.com\/fr\/wp-json\/wp\/v2\/categories?post=248805"},{"taxonomy":"post_tag","embeddable":true,"href":"https:\/\/www.europesays.com\/fr\/wp-json\/wp\/v2\/tags?post=248805"}],"curies":[{"name":"wp","href":"https:\/\/api.w.org\/{rel}","templated":true}]}}