{"id":248807,"date":"2025-07-14T06:54:10","date_gmt":"2025-07-14T06:54:10","guid":{"rendered":"https:\/\/www.europesays.com\/fr\/248807\/"},"modified":"2025-07-14T06:54:10","modified_gmt":"2025-07-14T06:54:10","slug":"rouge-en-vue-en-europe-14-07-2025-a-0825","status":"publish","type":"post","link":"https:\/\/www.europesays.com\/fr\/248807\/","title":{"rendered":"Rouge en vue en Europe &#8211; 14\/07\/2025 \u00e0 08:25"},"content":{"rendered":"<p>\n (AOF) &#8211; Les march\u00e9s actions europ\u00e9ens sont attendus dans le rouge en cette journ\u00e9e f\u00e9ri\u00e9e du 14 juillet.<br \/>\nLe pr\u00e9sident am\u00e9ricain Donald Trump a annonc\u00e9 samedi qu&rsquo;il imposerait des droits de douane de 30% aux produits import\u00e9s de l&rsquo;Union europ\u00e9enne et du Mexique \u00e0 partir du 1er ao\u00fbt si aucun accord commercial n&rsquo;est conclu d&rsquo;ici l\u00e0. Les contre-mesures que Bruxelles avait pr\u00e9vu d&rsquo;imposer en r\u00e9ponse aux droits de douane am\u00e9ricains sur l&rsquo;acier et l&rsquo;aluminium resteront suspendues jusqu&rsquo;au 1er ao\u00fbt. A partir de cette semaine, la saison des r\u00e9sultats financiers commence des deux c\u00f4t\u00e9s de l&rsquo;Atlantique.\n<\/p>\n<p>\n <strong><br \/>\n  Les valeurs \u00e0 suivre aujourd&rsquo;hui<br \/>\n <\/strong>\n<\/p>\n<p>\n <strong><br \/>\n  Cr\u00e9dit Agricole SA<br \/>\n <\/strong>\n<\/p>\n<p>\n Le Conseil d\u2019administration de Cr\u00e9dit Agricole S.A. a approuv\u00e9 la demande d\u2019autorisation \u00e0 la BCE pour franchir le seuil des 20% du capital de Banco BPM. Muni de cette autorisation, le groupe bancaire, qui d\u00e9tient actuellement 19,8% du capital de Banco BPM, pr\u00e9voit d\u2019acqu\u00e9rir un nombre d\u2019actions suffisant pour situer sa participation dans Banco BPM imm\u00e9diatement au-dessus du seuil de 20% afin de se placer sous le r\u00e9gime de l\u2019influence notable et consolider ainsi sa participation par mise en \u00e9quivalence, en coh\u00e9rence avec son r\u00f4le d\u2019actionnaire de long terme et de partenaire de Banco BPM.\n<\/p>\n<p>\n <strong><br \/>\n  Eurazeo<br \/>\n <\/strong>\n<\/p>\n<p>\n Eurazeo a annonc\u00e9 \u00eatre entr\u00e9 en discussions exclusives avec la holding europ\u00e9enne du groupe Ferrara Candy, une soci\u00e9t\u00e9 de confiserie de sucre de premier plan aux \u00c9tats-Unis, en vue de la cession de CPK, sp\u00e9cialiste europ\u00e9en de la confiserie. \u00c0 l&rsquo;issue de l&rsquo;op\u00e9ration, un montant d&rsquo;environ 240 millions aura \u00e9t\u00e9 retourn\u00e9 au bilan de la soci\u00e9t\u00e9 d&rsquo;investissement. Eurazeo pr\u00e9cise que ce montant comprend les dividendes d\u00e9j\u00e0 per\u00e7us. La transaction devrait \u00eatre finalis\u00e9e au cours du quatri\u00e8me trimestre 2025.\n<\/p>\n<p>\n <strong><br \/>\n  Valneva<br \/>\n <\/strong>\n<\/p>\n<p>\n L\u2019Agence europ\u00e9enne des m\u00e9dicaments va lever sa restriction temporaire sur la vaccination des personnes \u00e2g\u00e9es de 65 ans et plus avec le vaccin \u00e0 dose unique de Valneva contre le chikungunya. L\u2019autorit\u00e9 europ\u00e9enne a achev\u00e9 une revue compl\u00e8te de ce vaccin par le comit\u00e9 pour l\u2019\u00e9valuation des risques en mati\u00e8re de pharmacovigilance. Cette revue a eu lieu apr\u00e8s l\u2019annonce, d\u00e9but mai, de 17 cas d\u2019effets ind\u00e9sirables graves (dont deux d\u00e9c\u00e8s) chez des personnes \u00e2g\u00e9es pr\u00e9sentant des conditions m\u00e9dicales sous-jacentes importantes et\/ou recevant d\u00e9j\u00e0 diff\u00e9rents traitements m\u00e9dicaux.\n<\/p>\n<p>\n <strong><br \/>\n  Vinci<br \/>\n <\/strong>\n<\/p>\n<p>\n Vinci a annonc\u00e9 l&rsquo;arriv\u00e9e de Thierry Mirville \u00e0 sa direction financi\u00e8re d\u00e8s le 1er octobre prochain en tant que directeur financier adjoint. Il rapportera \u00e0 Christian Labeyrie, directeur g\u00e9n\u00e9ral adjoint et directeur financier du groupe de BTP et de concessions. \u00a0\u00bb Cette nomination s&rsquo;inscrit dans la perspective du d\u00e9part \u00e0 la retraite de Christian Labeyrie qui interviendra en 2026 \u00ab\u00a0, pr\u00e9cise Vinci. Thierry Mirville a d\u00e9marr\u00e9 sa carri\u00e8re professionnelle chez GTIE, filiale de la Compagnie G\u00e9n\u00e9rale de Eaux, en 1991.\n<\/p>\n<p>\n <strong><br \/>\n  Les chiffres macro\u00e9conomiques<br \/>\n <\/strong>\n<\/p>\n<p>\n Aucune statistique d&rsquo;importance n&rsquo;est attendue ce jour.\n<\/p>\n<p>\n <strong><br \/>\n  Vendredi \u00e0 Paris<br \/>\n <\/strong>\n<\/p>\n<p>\n Les Bourses europ\u00e9ennes ont recul\u00e9, p\u00e9nalis\u00e9es par la derni\u00e8re foucade de Donald Trump en mati\u00e8re de politique commerciale : imposer 35% de droits de douane au Canada. Depuis lundi, le pr\u00e9sident am\u00e9ricain a annonc\u00e9 une nouvelle s\u00e9rie de droits de douane r\u00e9ciproques pour plus de 20 pays \u00e0 travers le monde, qui entreront en vigueur le 1er ao\u00fbt. En Europe, le point d&rsquo;activit\u00e9 de BP a \u00e9t\u00e9 appr\u00e9ci\u00e9. Le CAC 40 a perdu 0,92% \u00e0 7829,29 points, limitant ses gains sur la semaine \u00e0 1,73%. L&rsquo;EuroStoxx50 a c\u00e9d\u00e9 1,09% \u00e0 5379,14 points.\n<\/p>\n<p>\n <strong><br \/>\n  Vendredi \u00e0 Wall Street<br \/>\n <\/strong>\n<\/p>\n<p>\n Les march\u00e9s actions am\u00e9ricains ont termin\u00e9 en repli dans un contexte tendu li\u00e9 aux droits de douane. Donald Trump a annonc\u00e9 qu&rsquo;il comptait imposer 35% de surtaxes douani\u00e8res sur les produits canadiens \u00e0 partir du 1er ao\u00fbt, ajoutant qu&rsquo;il pr\u00e9voyait une missive du m\u00eame ordre \u00e0 l\u2019Union europ\u00e9enne. Aucune statistique ne figure \u00e0 l&rsquo;agenda du jour. C\u00f4t\u00e9 valeurs, Levi Strauss grimpe apr\u00e8s le rel\u00e8vement de ses pr\u00e9visions annuelles.Les actions de Nvidia ont enregistr\u00e9 un record en s\u00e9ance. Le Dow Jones a recul\u00e9 de 0,63% \u00e0 44371 points et le Nasdaq de 0,22% \u00e0 20585 points.<\/p>\n","protected":false},"excerpt":{"rendered":"(AOF) &#8211; Les march\u00e9s actions europ\u00e9ens sont attendus dans le rouge en cette journ\u00e9e f\u00e9ri\u00e9e du 14 juillet.&hellip;\n","protected":false},"author":2,"featured_media":17400,"comment_status":"","ping_status":"","sticky":false,"template":"","format":"standard","meta":{"footnotes":""},"categories":[1586],"tags":[400,11,398,408,405,1777,674,1011,27,403,402,399,404,12,25,401,406,407],"class_list":{"0":"post-248807","1":"post","2":"type-post","3":"status-publish","4":"format-standard","5":"has-post-thumbnail","7":"category-europe","8":"tag-action-cac-40","9":"tag-actualites","10":"tag-bourse-de-paris","11":"tag-boursorama","12":"tag-cotations","13":"tag-eu","14":"tag-europe","15":"tag-fr","16":"tag-france","17":"tag-indices-devises","18":"tag-investir","19":"tag-investissement","20":"tag-marche-boursier","21":"tag-news","22":"tag-republique-francaise","23":"tag-sicav","24":"tag-trackers","25":"tag-warrants"},"share_on_mastodon":{"url":"https:\/\/pubeurope.com\/@fr\/114850277881295089","error":""},"_links":{"self":[{"href":"https:\/\/www.europesays.com\/fr\/wp-json\/wp\/v2\/posts\/248807","targetHints":{"allow":["GET"]}}],"collection":[{"href":"https:\/\/www.europesays.com\/fr\/wp-json\/wp\/v2\/posts"}],"about":[{"href":"https:\/\/www.europesays.com\/fr\/wp-json\/wp\/v2\/types\/post"}],"author":[{"embeddable":true,"href":"https:\/\/www.europesays.com\/fr\/wp-json\/wp\/v2\/users\/2"}],"replies":[{"embeddable":true,"href":"https:\/\/www.europesays.com\/fr\/wp-json\/wp\/v2\/comments?post=248807"}],"version-history":[{"count":0,"href":"https:\/\/www.europesays.com\/fr\/wp-json\/wp\/v2\/posts\/248807\/revisions"}],"wp:featuredmedia":[{"embeddable":true,"href":"https:\/\/www.europesays.com\/fr\/wp-json\/wp\/v2\/media\/17400"}],"wp:attachment":[{"href":"https:\/\/www.europesays.com\/fr\/wp-json\/wp\/v2\/media?parent=248807"}],"wp:term":[{"taxonomy":"category","embeddable":true,"href":"https:\/\/www.europesays.com\/fr\/wp-json\/wp\/v2\/categories?post=248807"},{"taxonomy":"post_tag","embeddable":true,"href":"https:\/\/www.europesays.com\/fr\/wp-json\/wp\/v2\/tags?post=248807"}],"curies":[{"name":"wp","href":"https:\/\/api.w.org\/{rel}","templated":true}]}}