{"id":248808,"date":"2025-07-14T06:55:09","date_gmt":"2025-07-14T06:55:09","guid":{"rendered":"https:\/\/www.europesays.com\/fr\/248808\/"},"modified":"2025-07-14T06:55:09","modified_gmt":"2025-07-14T06:55:09","slug":"les-etats-membres-de-lue-hesitent-sur-le-plan-daction-de-kaja-kallas-contre-israel","status":"publish","type":"post","link":"https:\/\/www.europesays.com\/fr\/248808\/","title":{"rendered":"Les \u00c9tats membres de l&rsquo;UE h\u00e9sitent sur le plan d&rsquo;action de Kaja Kallas contre Isra\u00ebl"},"content":{"rendered":"<p>\n  Par&amp;nbsp<b>Maia de la Baume and Shona Murray<\/b><\/p>\n<p>\n         Publi\u00e9 le<br \/>\n            14\/07\/2025 &#8211; 8:27 UTC+2<\/p>\n<p><img decoding=\"async\" class=\"c-ad__placeholder__logo\" src=\"https:\/\/static.euronews.com\/website\/images\/logos\/logo-euronews-grey-6-180x22.svg\" width=\"180\" height=\"22\" alt=\"\" loading=\"lazy\"\/>PUBLICIT\u00c9<\/p>\n<p>La cheffe de la diplomatie europ\u00e9enne, Kaja Kallas, doit pr\u00e9senter cette semaine \u00e0 Bruxelles une liste de dix options pour r\u00e9pondre aux op\u00e9rations militaires isra\u00e9liennes \u00e0 Gaza. Ce document, examin\u00e9 lors du Conseil des affaires \u00e9trang\u00e8res, propose notamment la suspension de l\u2019accord d\u2019association UE-Isra\u00ebl, le blocage des importations en provenance des colonies ou encore l\u2019arr\u00eat du dialogue politique avec Tel-Aviv.<\/p>\n<p>Certaines mesures, comme l\u2019exclusion d\u2019Isra\u00ebl des programmes europ\u00e9ens ou la suspension des pr\u00e9f\u00e9rences commerciales, pourraient \u00eatre adopt\u00e9es \u00e0 la majorit\u00e9 qualifi\u00e9e. D\u2019autres, comme la rupture de l\u2019accord d\u2019association, n\u00e9cessiteraient l\u2019unanimit\u00e9 des 27 \u00c9tats membres.<\/p>\n<p>Initialement pr\u00e9vue pour inclure cinq options, la liste a \u00e9t\u00e9 \u00e9largie \u00e0 dix, incluant des mesures que les \u00c9tats membres peuvent appliquer unilat\u00e9ralement, sans validation de la Commission.<\/p>\n<p><strong>Les pays de l\u2019UE divis\u00e9s, en attente de r\u00e9sultats concrets \u00e0 Gaza<\/strong><\/p>\n<p>Selon plusieurs diplomates europ\u00e9ens, peu de capitales sont pr\u00eates \u00e0 agir \u00e0 ce stade. D\u2019abord parce que nombre d\u2019entre elles souhaitent attendre les r\u00e9sultats d\u2019un accord humanitaire n\u00e9goci\u00e9 la semaine derni\u00e8re avec Isra\u00ebl. Celui-ci pr\u00e9voit l\u2019ouverture du point de passage de Zikim, l\u2019entr\u00e9e de carburant, la r\u00e9paration de canalisations d\u2019eau et une augmentation des livraisons alimentaires.<\/p>\n<p>\u00ab Il ne peut pas s\u2019agir d\u2019un accord sur le papier, il faut une mise en \u0153uvre r\u00e9elle sur le terrain \u00bb, estime un diplomate. Des avanc\u00e9es concr\u00e8tes d\u2019ici mardi pourraient \u00e9viter une r\u00e9action plus ferme de l\u2019Union.<\/p>\n<p>Par ailleurs, les divisions restent profondes. L\u2019Allemagne, l\u2019Italie, la Hongrie ou la R\u00e9publique tch\u00e8que refusent toute sanction tant que la situation humanitaire s\u2019am\u00e9liore. \u00c0 l\u2019inverse, l\u2019Irlande et l\u2019Espagne poussent pour des mesures imm\u00e9diates. Dublin a d\u2019ores et d\u00e9j\u00e0 interdit unilat\u00e9ralement les importations issues des colonies isra\u00e9liennes en Cisjordanie, devenant le premier pays de l\u2019UE \u00e0 le faire.<\/p>\n<p>Sur le terrain, les frappes isra\u00e9liennes et le blocus de Gaza se poursuivent. L\u2019arm\u00e9e justifie son offensive par l\u2019attaque du Hamas du 7 octobre 2023, qui a fait environ 1 200 morts et 251 otages. Depuis, selon les autorit\u00e9s sanitaires locales, au moins 57 823 personnes ont \u00e9t\u00e9 tu\u00e9es dans l\u2019enclave palestinienne.<\/p>\n","protected":false},"excerpt":{"rendered":"Par&amp;nbspMaia de la Baume and Shona Murray Publi\u00e9 le 14\/07\/2025 &#8211; 8:27 UTC+2 PUBLICIT\u00c9 La cheffe de la&hellip;\n","protected":false},"author":2,"featured_media":248809,"comment_status":"","ping_status":"","sticky":false,"template":"","format":"standard","meta":{"footnotes":""},"categories":[1586],"tags":[11,2196,1777,674,1779,1011,27,5643,5229,12,25,1778,364],"class_list":{"0":"post-248808","1":"post","2":"type-post","3":"status-publish","4":"format-standard","5":"has-post-thumbnail","7":"category-europe","8":"tag-actualites","9":"tag-commission-europeenne","10":"tag-eu","11":"tag-europe","12":"tag-european-union","13":"tag-fr","14":"tag-france","15":"tag-guerre-israel-hamas","16":"tag-kaja-kallas","17":"tag-news","18":"tag-republique-francaise","19":"tag-ue","20":"tag-union-europeenne"},"share_on_mastodon":{"url":"https:\/\/pubeurope.com\/@fr\/114850281902547161","error":""},"_links":{"self":[{"href":"https:\/\/www.europesays.com\/fr\/wp-json\/wp\/v2\/posts\/248808","targetHints":{"allow":["GET"]}}],"collection":[{"href":"https:\/\/www.europesays.com\/fr\/wp-json\/wp\/v2\/posts"}],"about":[{"href":"https:\/\/www.europesays.com\/fr\/wp-json\/wp\/v2\/types\/post"}],"author":[{"embeddable":true,"href":"https:\/\/www.europesays.com\/fr\/wp-json\/wp\/v2\/users\/2"}],"replies":[{"embeddable":true,"href":"https:\/\/www.europesays.com\/fr\/wp-json\/wp\/v2\/comments?post=248808"}],"version-history":[{"count":0,"href":"https:\/\/www.europesays.com\/fr\/wp-json\/wp\/v2\/posts\/248808\/revisions"}],"wp:featuredmedia":[{"embeddable":true,"href":"https:\/\/www.europesays.com\/fr\/wp-json\/wp\/v2\/media\/248809"}],"wp:attachment":[{"href":"https:\/\/www.europesays.com\/fr\/wp-json\/wp\/v2\/media?parent=248808"}],"wp:term":[{"taxonomy":"category","embeddable":true,"href":"https:\/\/www.europesays.com\/fr\/wp-json\/wp\/v2\/categories?post=248808"},{"taxonomy":"post_tag","embeddable":true,"href":"https:\/\/www.europesays.com\/fr\/wp-json\/wp\/v2\/tags?post=248808"}],"curies":[{"name":"wp","href":"https:\/\/api.w.org\/{rel}","templated":true}]}}