{"id":248815,"date":"2025-07-14T06:59:13","date_gmt":"2025-07-14T06:59:13","guid":{"rendered":"https:\/\/www.europesays.com\/fr\/248815\/"},"modified":"2025-07-14T06:59:13","modified_gmt":"2025-07-14T06:59:13","slug":"un-double-vainqueur-de-the-open-declare-forfait-sans-explication","status":"publish","type":"post","link":"https:\/\/www.europesays.com\/fr\/248815\/","title":{"rendered":"Un double vainqueur de The Open d\u00e9clare forfait sans explication"},"content":{"rendered":"<p>\t\t\t\t\t\t<img width=\"770\" height=\"556\" src=\"https:\/\/www.europesays.com\/fr\/wp-content\/uploads\/2025\/07\/ernie-els-the-open-forfait-770x556.jpg\" class=\"img-responsive wp-post-image\" alt=\"Ernie Els Photo by Mike Mulholland \/ GETTY IMAGES NORTH AMERICA \/ Getty Images via AFP\" decoding=\"async\" fetchpriority=\"high\"  \/>\t\t\t\t\t<\/p>\n<p>\t\t\t\t\t\t Partager cet article <\/p>\n<p class=\"screen-reader-text juiz_sps_maybe_hidden_text\">Partager la publication \u00ab\u00a0Un double vainqueur de The Open d\u00e9clare forfait sans explication\u00a0\u00bb<\/p>\n<p><strong>Vainqueur de l\u2019\u00e9dition 2002 \u00e0 Muirfield et 2012 au Royal Lytham &amp; St Annes Golf Club, le Sud Africain Ernie Els ne prendra pas le d\u00e9part de son 27e Open Championship au Royal Portrush cette semaine.<\/strong><\/p>\n<p>\u00a0<\/p>\n<p><strong>Ernie Els<\/strong> ne sera pas ce jeudi en Irlande du Nord pour le 153e The Open a annonc\u00e9 le R&amp;A. Le Sud Africain a d\u00e9clar\u00e9 forfait sans pr\u00e9ciser la raison qu\u2019il l\u2019avait oblig\u00e9 \u00e0 se retirer du dernier majeur de la saison.<\/p>\n<p>\u00c2g\u00e9 de 55 ans, Els a pourtant disput\u00e9 cette semaine le DICK\u2019s Open sur le Champions Tour \u00e0 New York et a sign\u00e9 trois cartes sous le par.<\/p>\n<p>Ce retrait de derni\u00e8re minute fait le bonheur du Sud Cor\u00e9en, <strong>Si Woo Kim<\/strong>, premier r\u00e9serve en vertu de son classement mondial.<\/p>\n<p>\t\t\t\t<img loading=\"lazy\" decoding=\"async\" src=\"data:image\/svg+xml,%3Csvg%20xmlns=\" http:=\"\" attributionsrc=\"\" border=\"0\" height=\"1\" width=\"1\" alt=\"Advertisement\" data-lazy-src=\"https:\/\/www.europesays.com\/fr\/wp-content\/uploads\/2025\/04\/B33047934.412404309;dc_trk_aid=603484932;dc_trk_cid=227659580;ord=[timestamp];dc_lat=;dc_rdid=;tag_f.gif\"\/><\/p>\n<p>\t\t\t\t\t<a id=\"158178\" href=\"https:\/\/ad.doubleclick.net\/ddm\/trackclk\/N1153799.3770024GOLFPLANATE\/B33047934.412404309;dc_trk_aid=603484932;dc_trk_cid=227659580;dc_lat=;dc_rdid=;tag_for_child_directed_treatment=;tfua=;gdpr=${GDPR};gdpr_consent=${GDPR_CONSENT_755};ltd=;dc_tdv=1\" target=\"_blank\" rel=\"sponsorised nofollow noopener\"><img decoding=\"async\" src=\"data:image\/svg+xml,%3Csvg%20xmlns=\" http:=\"\" class=\"img-responsive\" alt=\"\" data-lazy-src=\"https:\/\/www.europesays.com\/fr\/wp-content\/uploads\/2025\/04\/callaway-e01-elyte-driver-770x385-1.jpg\"\/><\/a><\/p>\n<p>\u00a0<\/p>\n<p>Limite d\u2019\u00e2ge dans 5 ans<\/p>\n<p>L\u2019ann\u00e9e derni\u00e8re, \u00e0 Royal Troon, Els a \u00e9t\u00e9 contraint d\u2019abandonner avant son deuxi\u00e8me tour en raison d\u2019un probl\u00e8me de dos.<\/p>\n<p>En sa qualit\u00e9 d\u2019ancien vainqueur, Els, qui a choisi de ne pas participer \u00e0 The Players cette ann\u00e9e apr\u00e8s s\u2019\u00eatre qualifi\u00e9 via un tournoi du Champions Tour, poss\u00e8de encore une exemption de cinq ans. Il sera ensuite atteint par la limite d\u2019age de 60 ans.<\/p>\n<p>\u00a0<\/p>\n<p>\u00a9 Mike Mulholland \/ GETTY IMAGES NORTH AMERICA \/ Getty Images via AFP<\/p>\n","protected":false},"excerpt":{"rendered":"Partager cet article Partager la publication \u00ab\u00a0Un double vainqueur de The Open d\u00e9clare forfait sans explication\u00a0\u00bb Vainqueur de&hellip;\n","protected":false},"author":2,"featured_media":248816,"comment_status":"","ping_status":"","sticky":false,"template":"","format":"standard","meta":{"footnotes":""},"categories":[1418],"tags":[1011,27,1472,60],"class_list":{"0":"post-248815","1":"post","2":"type-post","3":"status-publish","4":"format-standard","5":"has-post-thumbnail","7":"category-golf","8":"tag-fr","9":"tag-france","10":"tag-golf","11":"tag-sports"},"share_on_mastodon":{"url":"https:\/\/pubeurope.com\/@fr\/114850297638080341","error":""},"_links":{"self":[{"href":"https:\/\/www.europesays.com\/fr\/wp-json\/wp\/v2\/posts\/248815","targetHints":{"allow":["GET"]}}],"collection":[{"href":"https:\/\/www.europesays.com\/fr\/wp-json\/wp\/v2\/posts"}],"about":[{"href":"https:\/\/www.europesays.com\/fr\/wp-json\/wp\/v2\/types\/post"}],"author":[{"embeddable":true,"href":"https:\/\/www.europesays.com\/fr\/wp-json\/wp\/v2\/users\/2"}],"replies":[{"embeddable":true,"href":"https:\/\/www.europesays.com\/fr\/wp-json\/wp\/v2\/comments?post=248815"}],"version-history":[{"count":0,"href":"https:\/\/www.europesays.com\/fr\/wp-json\/wp\/v2\/posts\/248815\/revisions"}],"wp:featuredmedia":[{"embeddable":true,"href":"https:\/\/www.europesays.com\/fr\/wp-json\/wp\/v2\/media\/248816"}],"wp:attachment":[{"href":"https:\/\/www.europesays.com\/fr\/wp-json\/wp\/v2\/media?parent=248815"}],"wp:term":[{"taxonomy":"category","embeddable":true,"href":"https:\/\/www.europesays.com\/fr\/wp-json\/wp\/v2\/categories?post=248815"},{"taxonomy":"post_tag","embeddable":true,"href":"https:\/\/www.europesays.com\/fr\/wp-json\/wp\/v2\/tags?post=248815"}],"curies":[{"name":"wp","href":"https:\/\/api.w.org\/{rel}","templated":true}]}}