{"id":248817,"date":"2025-07-14T07:01:10","date_gmt":"2025-07-14T07:01:10","guid":{"rendered":"https:\/\/www.europesays.com\/fr\/248817\/"},"modified":"2025-07-14T07:01:10","modified_gmt":"2025-07-14T07:01:10","slug":"qui-est-lyam-akrab-le-serial-marqueur-des-bleuets","status":"publish","type":"post","link":"https:\/\/www.europesays.com\/fr\/248817\/","title":{"rendered":"qui est Lyam Akrab, le serial marqueur des Bleuets\u00a0?"},"content":{"rendered":"<p>L&rsquo;avis de C\u00e9dric Laborde (manager des U20)\u00a0:<\/p>\n<p>\u00ab\u00a0Lyam met beaucoup d&rsquo;\u00e9nergie positive sur comme en dehors du terrain. Il a toujours le sourire, toujours le petit mot qui va bien. C&rsquo;est un joueur jovial, lumineux, important dans un groupe. D&rsquo;un point de vue rugby, il porte tr\u00e8s bien le ballon. Il aime les espaces, il sent les bons coups, ce qui lui permet de marquer pas mal d&rsquo;essais. Sur les ballons port\u00e9s, il a cette facult\u00e9 \u00e0 savoir quand partir et comme il est explosif, il r\u00e9ussit souvent \u00e0 franchir les derniers m\u00e8tres pour aplatir. Lyam a beaucoup progress\u00e9 sur sa capacit\u00e9 \u00e0 combattre. Lors du Tournoi, on l&rsquo;a plus vu dans les t\u00e2ches un peu sombres. Sur son r\u00f4le de talonneur, il s&rsquo;est am\u00e9lior\u00e9 au lancer. Aujourd&rsquo;hui, il a encore une marge de progression d&rsquo;un point de vue physique.\u00a0\u00bb<\/p>\n","protected":false},"excerpt":{"rendered":"L&rsquo;avis de C\u00e9dric Laborde (manager des U20)\u00a0: \u00ab\u00a0Lyam met beaucoup d&rsquo;\u00e9nergie positive sur comme en dehors du terrain.&hellip;\n","protected":false},"author":2,"featured_media":248818,"comment_status":"","ping_status":"","sticky":false,"template":"","format":"standard","meta":{"footnotes":""},"categories":[1416],"tags":[1011,27,479,1468,60],"class_list":{"0":"post-248817","1":"post","2":"type-post","3":"status-publish","4":"format-standard","5":"has-post-thumbnail","7":"category-rugby","8":"tag-fr","9":"tag-france","10":"tag-rugby","11":"tag-rugby-football","12":"tag-sports"},"share_on_mastodon":{"url":"https:\/\/pubeurope.com\/@fr\/114850305369186628","error":""},"_links":{"self":[{"href":"https:\/\/www.europesays.com\/fr\/wp-json\/wp\/v2\/posts\/248817","targetHints":{"allow":["GET"]}}],"collection":[{"href":"https:\/\/www.europesays.com\/fr\/wp-json\/wp\/v2\/posts"}],"about":[{"href":"https:\/\/www.europesays.com\/fr\/wp-json\/wp\/v2\/types\/post"}],"author":[{"embeddable":true,"href":"https:\/\/www.europesays.com\/fr\/wp-json\/wp\/v2\/users\/2"}],"replies":[{"embeddable":true,"href":"https:\/\/www.europesays.com\/fr\/wp-json\/wp\/v2\/comments?post=248817"}],"version-history":[{"count":0,"href":"https:\/\/www.europesays.com\/fr\/wp-json\/wp\/v2\/posts\/248817\/revisions"}],"wp:featuredmedia":[{"embeddable":true,"href":"https:\/\/www.europesays.com\/fr\/wp-json\/wp\/v2\/media\/248818"}],"wp:attachment":[{"href":"https:\/\/www.europesays.com\/fr\/wp-json\/wp\/v2\/media?parent=248817"}],"wp:term":[{"taxonomy":"category","embeddable":true,"href":"https:\/\/www.europesays.com\/fr\/wp-json\/wp\/v2\/categories?post=248817"},{"taxonomy":"post_tag","embeddable":true,"href":"https:\/\/www.europesays.com\/fr\/wp-json\/wp\/v2\/tags?post=248817"}],"curies":[{"name":"wp","href":"https:\/\/api.w.org\/{rel}","templated":true}]}}