{"id":248821,"date":"2025-07-14T07:04:09","date_gmt":"2025-07-14T07:04:09","guid":{"rendered":"https:\/\/www.europesays.com\/fr\/248821\/"},"modified":"2025-07-14T07:04:09","modified_gmt":"2025-07-14T07:04:09","slug":"motogp-marco-bezzecchi-detaille-sa-chute-au-gp-dallemagne-jai-perdu-lavant","status":"publish","type":"post","link":"https:\/\/www.europesays.com\/fr\/248821\/","title":{"rendered":"MotoGP &#8211; Marco Bezzecchi d\u00e9taille sa chute au GP d\u2019Allemagne : \u00ab J\u2019ai perdu l\u2019avant \u00bb"},"content":{"rendered":"<p>Alors qu\u2019ils \u00e9taient seulement dix \u00e0 \u00eatre parvenus \u00e0 rallier l\u2019arriv\u00e9e du GP d\u2019Allemagne, Marco Bezzecchi n\u2019a pas eu cette chance. Parti troisi\u00e8me sur le grille de d\u00e9part, le pilote qui avait termin\u00e9 deuxi\u00e8me de la course sprint de la veille d\u00e9clarait justement vouloir une piste s\u00e8che dimanche. Bien que son souhait se soit r\u00e9alis\u00e9, sa chute a mis fin \u00e0 ses espoirs.<\/p>\n<p>\u00ab\u00a0C\u2019est vraiment dommage. C\u2019\u00e9tait une petite erreur, mais avec une grosse cons\u00e9quence, commentait-il, las, apr\u00e8s la course. C\u2019est dommage, car je faisais une tr\u00e8s bonne course, j\u2019\u00e9tais sur un rythme solide. J\u2019ai frein\u00e9 quasiment de la m\u00eame mani\u00e8re que le tour pr\u00e9c\u00e9dent. Juste peut-\u00eatre un peu moins fort dans la premi\u00e8re partie, et \u00e0 cause de \u00e7a, je n\u2019ai pas eu beaucoup de d\u00e9rive \u00e0 l\u2019arri\u00e8re. La roue arri\u00e8re \u00e9tait align\u00e9e avec l\u2019avant, donc quand j\u2019ai inclin\u00e9 la moto, l\u2019arri\u00e8re a pouss\u00e9 sur l\u2019avant\u2026 et j\u2019ai perdu l\u2019avant.\u00a0\u00bb<\/p>\n<p>Bezzecchi loin d\u2019\u00eatre le seul pi\u00e9g\u00e9<\/p>\n<p>Technique, compos\u00e9 en grande partie de virages \u00e0 gauche, le Sachsenring a une fois de plus r\u00e9ussi \u00e0 Marc M\u00e1rquez, et ce pour la neuvi\u00e8me fois de sa carri\u00e8re. Seul pilote de la premi\u00e8re ligne \u00e0 avoir vu le drapeau \u00e0 damier donc, l\u2019Espagnol n\u2019a pas non plus \u00e9t\u00e9 suivi longuement par Johann Zarco, pourtant parti deuxi\u00e8me. \u00c0 l\u2019image de Marco Bezzecchi, la chute du Fran\u00e7ais a r\u00e9duit \u00e0 n\u00e9ant ses espoirs, lui qui de toute fa\u00e7on, avait \u00e0 nouveau pris un mauvais d\u00e9part, comme en sprint.<\/p>\n<p>Le pilote Aprilia, toujours sixi\u00e8me au classement g\u00e9n\u00e9ral des pilotes apr\u00e8s le GP d\u2019Allemagne, s\u2019appr\u00eate \u00e0 aborder la Tch\u00e9quie avec 24 unit\u00e9s d\u2019avance sur Johann Zarco justement. Accusant \u00e9galement neuf points de retard sur Franco Morbidelli, et 12 sur Fabio di Giannantonio, Marco Bezzecchi peut encore r\u00eaver de remont\u00e9e alors que le cap de la mi-saison vient tout juste d\u2019\u00eatre franchi.<\/p>\n<p><strong>\u00c0 LIRE AUSSI &gt; <a href=\"https:\/\/www.autohebdo.fr\/actualites\/motogp\/johann-zarco-decu-apres-le-gp-dallemagne-la-sixieme-place-etait-sous-controle.html\" target=\"_blank\" rel=\"noopener nofollow\">Johann Zarco d\u00e9\u00e7u apr\u00e8s le GP d\u2019Allemagne : \u00ab La sixi\u00e8me place \u00e9tait sous contr\u00f4le \u00bb<\/a><\/strong><\/p>\n","protected":false},"excerpt":{"rendered":"Alors qu\u2019ils \u00e9taient seulement dix \u00e0 \u00eatre parvenus \u00e0 rallier l\u2019arriv\u00e9e du GP d\u2019Allemagne, Marco Bezzecchi n\u2019a pas&hellip;\n","protected":false},"author":2,"featured_media":246611,"comment_status":"","ping_status":"","sticky":false,"template":"","format":"standard","meta":{"footnotes":""},"categories":[1413],"tags":[1011,27,1457,1456,60],"class_list":{"0":"post-248821","1":"post","2":"type-post","3":"status-publish","4":"format-standard","5":"has-post-thumbnail","7":"category-moto","8":"tag-fr","9":"tag-france","10":"tag-moto","11":"tag-motocycle","12":"tag-sports"},"share_on_mastodon":{"url":"https:\/\/pubeurope.com\/@fr\/114850317121717158","error":""},"_links":{"self":[{"href":"https:\/\/www.europesays.com\/fr\/wp-json\/wp\/v2\/posts\/248821","targetHints":{"allow":["GET"]}}],"collection":[{"href":"https:\/\/www.europesays.com\/fr\/wp-json\/wp\/v2\/posts"}],"about":[{"href":"https:\/\/www.europesays.com\/fr\/wp-json\/wp\/v2\/types\/post"}],"author":[{"embeddable":true,"href":"https:\/\/www.europesays.com\/fr\/wp-json\/wp\/v2\/users\/2"}],"replies":[{"embeddable":true,"href":"https:\/\/www.europesays.com\/fr\/wp-json\/wp\/v2\/comments?post=248821"}],"version-history":[{"count":0,"href":"https:\/\/www.europesays.com\/fr\/wp-json\/wp\/v2\/posts\/248821\/revisions"}],"wp:featuredmedia":[{"embeddable":true,"href":"https:\/\/www.europesays.com\/fr\/wp-json\/wp\/v2\/media\/246611"}],"wp:attachment":[{"href":"https:\/\/www.europesays.com\/fr\/wp-json\/wp\/v2\/media?parent=248821"}],"wp:term":[{"taxonomy":"category","embeddable":true,"href":"https:\/\/www.europesays.com\/fr\/wp-json\/wp\/v2\/categories?post=248821"},{"taxonomy":"post_tag","embeddable":true,"href":"https:\/\/www.europesays.com\/fr\/wp-json\/wp\/v2\/tags?post=248821"}],"curies":[{"name":"wp","href":"https:\/\/api.w.org\/{rel}","templated":true}]}}