{"id":248828,"date":"2025-07-14T07:08:12","date_gmt":"2025-07-14T07:08:12","guid":{"rendered":"https:\/\/www.europesays.com\/fr\/248828\/"},"modified":"2025-07-14T07:08:12","modified_gmt":"2025-07-14T07:08:12","slug":"on-a-hate-de-te-rencontrer-amandine-petit-lex-miss-france-annonce-un-heureux-evenement","status":"publish","type":"post","link":"https:\/\/www.europesays.com\/fr\/248828\/","title":{"rendered":"\u00ab\u00a0On a h\u00e2te de te rencontrer\u00a0\u00bb, Amandine Petit, l\u2019ex Miss France, annonce un heureux \u00e9v\u00e9nement"},"content":{"rendered":"<p>      R\u00e9sum\u00e9<\/p>\n<p>Amandine Petit c\u00e9l\u00e8bre l\u2019arriv\u00e9e prochaine d\u2019un nouveau membre dans sa famille et partage son bonheur d\u2019endosser le r\u00f4le de tata avec ses proches.<\/p>\n<p>        Sommaire<\/p>\n<p>Carnet rose ! Ce dimanche 13 juillet 2025, <a href=\"https:\/\/www.public.fr\/amandine-petit-decouvrez-sa-collection-de-sacs-a-main-avec-la-marque-draeger-paris\" rel=\"nofollow noopener\" target=\"_blank\"><strong>Amandine Petit<\/strong><\/a> s&rsquo;est empar\u00e9e de ses r\u00e9seaux sociaux afin d&rsquo;annoncer une grande nouvelle \u00e0 ses abonn\u00e9s. <\/p>\n<p><strong>L&rsquo;ancienne reine de beaut\u00e9 s&rsquo;appr\u00eate en effet \u00e0 endosser un tout nouveau r\u00f4le, et pas des moindres : celui de \u00ab\u00a0tata\u00a0\u00bb<\/strong>. Sa s\u0153ur lui a offert ce qu&rsquo;elle d\u00e9crit comme \u00ab\u00a0le plus beau cadeau\u00a0\u00bb de sa vie avec cet heureux \u00e9v\u00e8nement. <\/p>\n<p>Amandine Petit aux anges<\/p>\n<p>\u00ab\u00a0<strong>Un nouveau &lsquo;Petit&rsquo; dans la famille<\/strong>\u00ab\u00a0, a-t-elle \u00e9crit sur <a href=\"https:\/\/www.instagram.com\/amandinepetitoff\/\" target=\"_blank\" rel=\"noreferrer noopener nofollow\">Instagram<\/a> en d\u00e9voilant plusieurs clich\u00e9s d&rsquo;elle, les pieds dans le sable, en compagnie de ses proches. <\/p>\n<p>Et d&rsquo;ajouter : \u00ab\u00a0Hier encore, je te piquais tes affaires, tes collections de f\u00e8ves, tes Diddl, on se disputait pour savoir qui allait s\u2019assoir au milieu dans la voiture, pour choisir la musique et maintenant, c&rsquo;est toi qui vas devenir maman\u2026 <strong>on a h\u00e2te de te rencontrer. P.S : si papa et maman disent non, tata te dira oui <\/strong>!\u00a0\u00bb Un post qui a suscit\u00e9 de vives r\u00e9actions. <\/p>\n<p>\u00ab\u00a0Tu seras, sans aucun doute, la meilleure des tatas qu\u2019il puisse avoir\u00a0\u00bb, a comment\u00e9 un fan. \u00ab\u00a0F\u00e9licitations \u00e0 toute la famille\u00a0\u00bb, a ajout\u00e9 un autre. Et un troisi\u00e8me de rench\u00e9rir : \u00ab\u00a0Quelle b\u00e9n\u00e9diction\u00a0\u00bb. <\/p>\n<p>Miss France 2021 \u00e0 c\u0153ur ouvert sur la maternit\u00e9<\/p>\n<p>Si Amandine Petit est fi\u00e8re de voir sa famille s&rsquo;agrandir, l&rsquo;ancienne Miss, de son c\u00f4t\u00e9, n&rsquo;est visiblement <strong>pas encore pr\u00eate \u00e0 devenir m\u00e8re<\/strong>. <\/p>\n<p>\u00ab\u00a0Aujourd\u2019hui, ce serait \u00e9go\u00efste d\u2019en avoir parce que je n\u2019ai d\u00e9j\u00e0 pas beaucoup le temps de me retrouver moi-m\u00eame, en famille. J\u2019ai ma maison, j\u2019ai mon chat\u00a0\u00bb, a-t-elle r\u00e9cemment confi\u00e9 dans le podcast Les Locomotives. <\/p>\n<p>Pour autant, <strong>\u00ab\u00a0avoir des enfants\u00a0\u00bb est \u00ab\u00a0\u00e9videmment un projet\u00a0\u00bb<\/strong> pour la jeune femme. \u00ab\u00a0Je pense que cet amour-l\u00e0, tu ne peux pas le ressentir quand tu n\u2019as pas eu d\u2019enfant. Quand je vois tout ce que ma m\u00e8re peut faire pour ma s\u0153ur et moi. J\u2019ai toujours eu envie d\u2019avoir des enfants. Apr\u00e8s, je ne sais pas si la nature me permettra et je croise les doigts. Mais dans tous les cas, je donne aujourd\u2019hui tout l\u2019amour que j\u2019ai \u00e0 mes petits neveux et ni\u00e8ces\u00a0\u00bb, a-t-elle expliqu\u00e9. Son tour viendra ! <\/p>\n<p>      Mentionn\u00e9s dans cet article<\/p>\n<p>\u00c0 lire aussi<\/p>\n<p><script async src=\"\/\/www.instagram.com\/embed.js\"><\/script><\/p>\n","protected":false},"excerpt":{"rendered":"R\u00e9sum\u00e9 Amandine Petit c\u00e9l\u00e8bre l\u2019arriv\u00e9e prochaine d\u2019un nouveau membre dans sa famille et partage son bonheur d\u2019endosser le&hellip;\n","protected":false},"author":2,"featured_media":248829,"comment_status":"","ping_status":"","sticky":false,"template":"","format":"standard","meta":{"footnotes":""},"categories":[1359],"tags":[58,59,1011,27,196,15761,3034,973],"class_list":{"0":"post-248828","1":"post","2":"type-post","3":"status-publish","4":"format-standard","5":"has-post-thumbnail","7":"category-people","8":"tag-divertissement","9":"tag-entertainment","10":"tag-fr","11":"tag-france","12":"tag-grossesse","13":"tag-maternite","14":"tag-miss-france","15":"tag-people"},"share_on_mastodon":{"url":"https:\/\/pubeurope.com\/@fr\/114850332999797879","error":""},"_links":{"self":[{"href":"https:\/\/www.europesays.com\/fr\/wp-json\/wp\/v2\/posts\/248828","targetHints":{"allow":["GET"]}}],"collection":[{"href":"https:\/\/www.europesays.com\/fr\/wp-json\/wp\/v2\/posts"}],"about":[{"href":"https:\/\/www.europesays.com\/fr\/wp-json\/wp\/v2\/types\/post"}],"author":[{"embeddable":true,"href":"https:\/\/www.europesays.com\/fr\/wp-json\/wp\/v2\/users\/2"}],"replies":[{"embeddable":true,"href":"https:\/\/www.europesays.com\/fr\/wp-json\/wp\/v2\/comments?post=248828"}],"version-history":[{"count":0,"href":"https:\/\/www.europesays.com\/fr\/wp-json\/wp\/v2\/posts\/248828\/revisions"}],"wp:featuredmedia":[{"embeddable":true,"href":"https:\/\/www.europesays.com\/fr\/wp-json\/wp\/v2\/media\/248829"}],"wp:attachment":[{"href":"https:\/\/www.europesays.com\/fr\/wp-json\/wp\/v2\/media?parent=248828"}],"wp:term":[{"taxonomy":"category","embeddable":true,"href":"https:\/\/www.europesays.com\/fr\/wp-json\/wp\/v2\/categories?post=248828"},{"taxonomy":"post_tag","embeddable":true,"href":"https:\/\/www.europesays.com\/fr\/wp-json\/wp\/v2\/tags?post=248828"}],"curies":[{"name":"wp","href":"https:\/\/api.w.org\/{rel}","templated":true}]}}