{"id":248830,"date":"2025-07-14T07:09:09","date_gmt":"2025-07-14T07:09:09","guid":{"rendered":"https:\/\/www.europesays.com\/fr\/248830\/"},"modified":"2025-07-14T07:09:09","modified_gmt":"2025-07-14T07:09:09","slug":"3-projets-darchitectes-spectaculaires-en-cours-de-construction-a-paris","status":"publish","type":"post","link":"https:\/\/www.europesays.com\/fr\/248830\/","title":{"rendered":"3 projets d&rsquo;architectes spectaculaires en cours de construction \u00e0 Paris"},"content":{"rendered":"<p>Ce projet, \u00e0 venir, du studio d&rsquo;architecture am\u00e9ricano-polonais Libeskind \u00e0 Issy-les-Moulineaux est embl\u00e9matique de l&rsquo;architecture futuriste de demain.Studio Libeskind<\/p>\n<p>Un projet qui sera int\u00e9gr\u00e9 au Grand Paris<\/p>\n<p>Le concours d&rsquo;architecture lanc\u00e9 par la Ville d&rsquo;Issy-les-Moulineaux mettait en concurrence les plus grands cabinets mondiaux, comme <a href=\"https:\/\/www.admagazine.fr\/article\/snohetta-10-projets-spectaculaires\" target=\"_blank\" rel=\"noopener\">Snohetta<\/a>, Valode et Pistre, Stefano Boeri, Sou Fujimoto et Jean-Paul Viguier. C&rsquo;est Studio Libeskind qui a remport\u00e9 l&rsquo;appel d&rsquo;offre et qui s&rsquo;appr\u00eate \u00e0 redessiner le quartier L\u00e9on Blum d&rsquo;Issy-les-Moulineaux, \u00e0 quelques encablures du XVe arrondissement parisien. Extra-muros, la zone est vou\u00e9e \u00e0 int\u00e9grer le <a href=\"https:\/\/www.admagazine.fr\/article\/laureats-grands-prix-creation-ville-paris-2023\" target=\"_blank\" rel=\"noopener\">Grand Paris<\/a>, d\u00e8s l&rsquo;arriv\u00e9e de la ligne 15 du m\u00e9tro, qui desservira les communes de la petite couronne parisienne. \u00ab Issy-les-Moulineaux conna\u00eet une transformation remarquable et se positionne \u00e0 l&rsquo;avant-garde du d\u00e9veloppement urbain, affirme Studio Libeskind. Ce projet d&rsquo;infrastructure important vise \u00e0 am\u00e9liorer la mobilit\u00e9 des r\u00e9sidents et des travailleurs, refl\u00e9tant l&rsquo;engagement de la ville en faveur d&rsquo;une planification urbaine ambitieuse et durable \u00bb.<\/p>\n<p>Studio Libeskind<\/p>\n<p>Innovation architecturale et bonne gestion de l&rsquo;environnement<\/p>\n<p>Intitul\u00e9 \u00ab Fan d&rsquo;Issy \u00bb, le projet d\u00e9voilera plus de 20 000 m\u00e8tres carr\u00e9s de b\u00e2timents \u00e0 usages mixtes : bureaux, logements (dont un tiers de <a href=\"https:\/\/www.admagazine.fr\/article\/logement-social-transforme-bien-atypique-40-m2\" target=\"_blank\" rel=\"noopener\">logements sociaux<\/a>), commerces, un h\u00f4tel et une salle de sport. \u00ab Ce projet de grande envergure s&rsquo;inscrit dans une strat\u00e9gie de d\u00e9veloppement urbain plus large qui met l&rsquo;accent sur l&rsquo;innovation architecturale, la gestion de l&rsquo;environnement et l&rsquo;am\u00e9lioration des conditions de vie des habitants \u00bb, soulignent les architectes, qui ont r\u00e9ussi \u00e0 remporter le concours gr\u00e2ce \u00e0 leur approche durable int\u00e9grant des mat\u00e9riaux biosourc\u00e9s et renouvelables. Les fa\u00e7ades du nouveau b\u00e2timent arboreront un aspect r\u00e9fl\u00e9chissant gr\u00e2ce \u00e0 la c\u00e9ramique de titane employ\u00e9e, ainsi que des plantes en nombre. Les travaux de construction pourront commencer d&rsquo;ici la fin de l&rsquo;ann\u00e9e 2025, d\u00e8s que la gare du m\u00e9tro 15 sera b\u00e2tie.<\/p>\n<p>Le premier gratte-ciel habitable en bois vient d&rsquo;\u00eatre inaugur\u00e9<\/p>\n<p>Ce \u00ab <a href=\"https:\/\/www.admagazine.fr\/article\/epicon-gratte-ciel-arabie-saoudite-gravite-2\" target=\"_blank\" rel=\"noopener\">gratte-ciel<\/a> \u00bb marque-t-il le d\u00e9but d&rsquo;un nouveau cycle architectural dans les grandes villes ? Pour l&rsquo;heure, il est l&rsquo;une des premi\u00e8res r\u00e9alisations europ\u00e9ennes de b\u00e2timent vertical en structure bois.<\/p>\n<p>Wood up vient de sortir de de terre apr\u00e8s 7 ans de travaux<\/p>\n<p>Peu impressionnants sur le papier, ses 50 m\u00e8tres de hauteur repr\u00e9sentent pourtant un d\u00e9fi technique en utilisant un mat\u00e9riau biosourc\u00e9 comme celui-ci. Rappelons-le, les plus hautes tour en bois du monde avoisinent \u00e0 peine les 100 m\u00e8tres, l\u00e0 o\u00f9 le plus grand gratte-ciel du monde, le Burj Khalifa \u00e0 duba\u00efote (en b\u00e9ton et m\u00e9taux), atteint les 828 m\u00e8tres. \u00ab On a r\u00e9alis\u00e9 \u00e9norm\u00e9ment d\u2019essais scientifiques en laboratoire pour \u00e9tudier la r\u00e9sistance de ce bois aux intemp\u00e9ries, aux incendies ou encore au bruit \u00bb, souligne Paul Jarquin, pr\u00e9sident de REI Habitat (le ma\u00eetre d&rsquo;ouvrage), aupr\u00e8s de nos confr\u00e8res de <a data-offer-url=\"https:\/\/www.challenges.fr\/immobilier\/immobilier-la-tour-en-bois-wood-up-sort-enfin-de-terre-a-paris_907160\" class=\"external-link\" data-event-click=\"{&quot;element&quot;:&quot;ExternalLink&quot;,&quot;outgoingURL&quot;:&quot;https:\/\/www.challenges.fr\/immobilier\/immobilier-la-tour-en-bois-wood-up-sort-enfin-de-terre-a-paris_907160&quot;}\" href=\"https:\/\/www.challenges.fr\/immobilier\/immobilier-la-tour-en-bois-wood-up-sort-enfin-de-terre-a-paris_907160\" rel=\"nofollow noopener\" target=\"_blank\">Challenges<\/a>. Sign\u00e9e par le cabinet d&rsquo;architecture LAN, la tour Wood up sort enfin de terre, apr\u00e8s sept ans de travaux au sud de Paris.<\/p>\n","protected":false},"excerpt":{"rendered":"Ce projet, \u00e0 venir, du studio d&rsquo;architecture am\u00e9ricano-polonais Libeskind \u00e0 Issy-les-Moulineaux est embl\u00e9matique de l&rsquo;architecture futuriste de demain.Studio&hellip;\n","protected":false},"author":2,"featured_media":248831,"comment_status":"","ping_status":"","sticky":false,"template":"","format":"standard","meta":{"footnotes":""},"categories":[1358],"tags":[19036,19035,1348,1384,1385,1386,58,59,1011,27,7922,10057],"class_list":{"0":"post-248830","1":"post","2":"type-post","3":"status-publish","4":"format-standard","5":"has-post-thumbnail","7":"category-arts-et-design","8":"tag-architecture-futuriste","9":"tag-architecture-spectaculaire","10":"tag-arts","11":"tag-arts-and-design","12":"tag-arts-et-design","13":"tag-design","14":"tag-divertissement","15":"tag-entertainment","16":"tag-fr","17":"tag-france","18":"tag-gratte-ciel","19":"tag-lieux-spectaculaires"},"share_on_mastodon":{"url":"https:\/\/pubeurope.com\/@fr\/114850336848630846","error":""},"_links":{"self":[{"href":"https:\/\/www.europesays.com\/fr\/wp-json\/wp\/v2\/posts\/248830","targetHints":{"allow":["GET"]}}],"collection":[{"href":"https:\/\/www.europesays.com\/fr\/wp-json\/wp\/v2\/posts"}],"about":[{"href":"https:\/\/www.europesays.com\/fr\/wp-json\/wp\/v2\/types\/post"}],"author":[{"embeddable":true,"href":"https:\/\/www.europesays.com\/fr\/wp-json\/wp\/v2\/users\/2"}],"replies":[{"embeddable":true,"href":"https:\/\/www.europesays.com\/fr\/wp-json\/wp\/v2\/comments?post=248830"}],"version-history":[{"count":0,"href":"https:\/\/www.europesays.com\/fr\/wp-json\/wp\/v2\/posts\/248830\/revisions"}],"wp:featuredmedia":[{"embeddable":true,"href":"https:\/\/www.europesays.com\/fr\/wp-json\/wp\/v2\/media\/248831"}],"wp:attachment":[{"href":"https:\/\/www.europesays.com\/fr\/wp-json\/wp\/v2\/media?parent=248830"}],"wp:term":[{"taxonomy":"category","embeddable":true,"href":"https:\/\/www.europesays.com\/fr\/wp-json\/wp\/v2\/categories?post=248830"},{"taxonomy":"post_tag","embeddable":true,"href":"https:\/\/www.europesays.com\/fr\/wp-json\/wp\/v2\/tags?post=248830"}],"curies":[{"name":"wp","href":"https:\/\/api.w.org\/{rel}","templated":true}]}}