{"id":248832,"date":"2025-07-14T07:10:11","date_gmt":"2025-07-14T07:10:11","guid":{"rendered":"https:\/\/www.europesays.com\/fr\/248832\/"},"modified":"2025-07-14T07:10:11","modified_gmt":"2025-07-14T07:10:11","slug":"quels-sont-les-livres-qui-sinvitent-sur-les-serviettes-des-touristes-au-grau-du-roi","status":"publish","type":"post","link":"https:\/\/www.europesays.com\/fr\/248832\/","title":{"rendered":"Quels sont les livres qui s\u2019invitent sur les serviettes des touristes au Grau-du-Roi\u00a0?"},"content":{"rendered":"<p>\n                                                                Y a-t-il un meilleur endroit pour lire que la plage\u00a0? C\u2019est en tout cas le spot privil\u00e9gi\u00e9\u00a0des vacanciers du Grau-du-Roi, qui nous ont partag\u00e9 leurs choix pour les journ\u00e9es ensoleill\u00e9es.\n                            <\/p>\n<p>Plage du Boucanet au Grau-du-Roi, on bouquine. Pour le long week-end du 14\u00a0juillet, les vacanciers sont arriv\u00e9s, leurs valises souvent alourdies de quelques livres \u00e0 lire au soleil. \u00ab\u00a0Jamais je ne viens \u00e0 la plage sans livre\u00a0!\u00a0\u00bb sourit Emilie, venue de Valence pour deux jours. Entre ses mains\u00a0: Veiller sur elle, prix Goncourt 2023 et grand succ\u00e8s litt\u00e9raire. Maintenant que son fils de dix ans peut se baigner et s\u2019occuper seul, elle prend le temps de se pr\u00e9lasser et de se laisser porter par les\u00a0paysages d\u2019Italie sous la plume\u00a0de Jean-Baptiste Andrea.<\/p>\n<p>Bien loin des clich\u00e9s des romances estivales, sur le sable graul\u00e9en\u00a0nombreux, sont les amateurs de policiers et thrillers. Comme cette\u00a0vingtenaire, fan d\u2019Agatha Christie\u00a0: \u00ab\u00a0Il y a du suspens jusqu\u2019au dernier moment, donc je vais me baigner uniquement quand j\u2019ai trop chaud parce que j\u2019ai h\u00e2te de lire la suite\u00a0!\u00a0\u00bb.\u00a0La semaine derni\u00e8re, elle s\u2019est plong\u00e9e dans la s\u00e9rie haletante\u00a0La femme de m\u00e9nage, avalant les quatre tomes de\u00a0Freida McFadden qui ont fait un triomphe sur les r\u00e9seaux sociaux. La nouvelle fiction de la m\u00eame autrice, La psy, est \u00e9galement pr\u00e9sente sur de nombreuses serviettes cet \u00e9t\u00e9.<\/p>\n<p>Les thrillers en t\u00eate<\/p>\n<p>Sur la plage Sud \u00e0 Port-Camargue aussi, on lit des livres qui tiennent en haleine. Pour ses deux semaines de vacances, Jean-Jacques a choisi\u00a0La constance du pr\u00e9dateur\u00a0de Maxime Chattam. D\u00e9j\u00e0 bien entam\u00e9 en deux jours, il a pr\u00e9vu de se renflouer \u00e0 peine la derni\u00e8re page tourn\u00e9e\u00a0: \u00ab\u00a0pour une fois qu\u2019on a le temps de lire, il faut en profiter\u00a0\u00bb.<\/p>\n<p>Plus loin sur le sable chaud, Sylvie se d\u00e9lecte d\u2019une histoire plus triste\u00a0: celle d\u2019un jeune homme touch\u00e9 par un Alzheimer pr\u00e9coce, \u00e9crite par\u00a0Melissa da Costa dans\u00a0Tout le bleu du ciel. Chauffeuse de bus en Ard\u00e8che, la quarantenaire est une lectrice \u00ab\u00a0uniquement \u00e0 la plage\u00a0\u00bb, ce qui d\u00e9cuple le plaisir de ses\u00a0lectures.<\/p>\n<p>Quant \u00e0 Pierre, il est venu \u00e0 la plage avec La proph\u00e9tie des abeilles de Bernard Weber\u00a0et ses deux enfants. Sa fille de 18 ans se r\u00e9gale du roman historique\u00a0La sage-femme d\u2019Auschwitz, tandis que, pour son fils un peu plus jeune, pas question d\u2019ouvrir un pav\u00e9. Il s\u2019agace, passablement ennuy\u00e9\u00a0: \u00ab\u00a0Vous voulez pas qu\u2019on discute, comme tout le monde\u00a0?\u00a0\u00bb<\/p>\n","protected":false},"excerpt":{"rendered":"Y a-t-il un meilleur endroit pour lire que la plage\u00a0? C\u2019est en tout cas le spot privil\u00e9gi\u00e9\u00a0des vacanciers&hellip;\n","protected":false},"author":2,"featured_media":248833,"comment_status":"","ping_status":"","sticky":false,"template":"","format":"standard","meta":{"footnotes":""},"categories":[1357],"tags":[1379,58,59,1011,27,1380],"class_list":{"0":"post-248832","1":"post","2":"type-post","3":"status-publish","4":"format-standard","5":"has-post-thumbnail","7":"category-livres","8":"tag-books","9":"tag-divertissement","10":"tag-entertainment","11":"tag-fr","12":"tag-france","13":"tag-livres"},"share_on_mastodon":{"url":"https:\/\/pubeurope.com\/@fr\/114850341007683074","error":""},"_links":{"self":[{"href":"https:\/\/www.europesays.com\/fr\/wp-json\/wp\/v2\/posts\/248832","targetHints":{"allow":["GET"]}}],"collection":[{"href":"https:\/\/www.europesays.com\/fr\/wp-json\/wp\/v2\/posts"}],"about":[{"href":"https:\/\/www.europesays.com\/fr\/wp-json\/wp\/v2\/types\/post"}],"author":[{"embeddable":true,"href":"https:\/\/www.europesays.com\/fr\/wp-json\/wp\/v2\/users\/2"}],"replies":[{"embeddable":true,"href":"https:\/\/www.europesays.com\/fr\/wp-json\/wp\/v2\/comments?post=248832"}],"version-history":[{"count":0,"href":"https:\/\/www.europesays.com\/fr\/wp-json\/wp\/v2\/posts\/248832\/revisions"}],"wp:featuredmedia":[{"embeddable":true,"href":"https:\/\/www.europesays.com\/fr\/wp-json\/wp\/v2\/media\/248833"}],"wp:attachment":[{"href":"https:\/\/www.europesays.com\/fr\/wp-json\/wp\/v2\/media?parent=248832"}],"wp:term":[{"taxonomy":"category","embeddable":true,"href":"https:\/\/www.europesays.com\/fr\/wp-json\/wp\/v2\/categories?post=248832"},{"taxonomy":"post_tag","embeddable":true,"href":"https:\/\/www.europesays.com\/fr\/wp-json\/wp\/v2\/tags?post=248832"}],"curies":[{"name":"wp","href":"https:\/\/api.w.org\/{rel}","templated":true}]}}