{"id":24884,"date":"2025-04-14T18:19:09","date_gmt":"2025-04-14T18:19:09","guid":{"rendered":"https:\/\/www.europesays.com\/fr\/24884\/"},"modified":"2025-04-14T18:19:09","modified_gmt":"2025-04-14T18:19:09","slug":"une-femme-est-morte-apres-une-chute-de-cinq-etages-une-enquete-ouverte","status":"publish","type":"post","link":"https:\/\/www.europesays.com\/fr\/24884\/","title":{"rendered":"une femme est morte apr\u00e8s une chute de cinq \u00e9tages, une enqu\u00eate ouverte"},"content":{"rendered":"<p>            Par<br \/>\n        <strong><br \/>\n            <a href=\"https:\/\/actu.fr\/auteur\/thomas-bernard\" title=\"Consulter tous les articles de Thomas Bernard\" rel=\"nofollow noopener\" target=\"_blank\">Thomas Bernard<\/a><br \/>\n        <\/strong><\/p>\n<p>        Publi\u00e9 le<\/p>\n<p>            14 avr. 2025 \u00e0 11h50        <\/p>\n<p>Il est 4h du matin, ce samedi 12\u00a0avril 2025, quand les pompiers et la police interviennent boulevard des Martyrs Nantais de la R\u00e9sistance, sur l\u2019\u00eele de Nantes. <strong>Une femme de 36\u00a0ans<\/strong> <strong>a chut\u00e9 depuis son appartement<\/strong>, situ\u00e9 au 5\u1d49 \u00e9tage.<\/p>\n<p class=\" wall-content\">Des t\u00e9moins prodiguent les premiers secours avant que les pompiers transportent la victime, gri\u00e8vement bless\u00e9e, au CHU de Nantes. Malheureusement, la trentenaire n\u2019a pas surv\u00e9cu et <strong>est d\u00e9c\u00e9d\u00e9e dans la matin\u00e9e du 14\u00a0avril<\/strong>.<\/p>\n<p>    <a href=\"https:\/\/www.google.com\/maps\/embed?pb=!1m18!1m12!1m3!1d2710.634785490976!2d-1.5493082248058414!3d47.20416041568287!2m3!1f0!2f0!3f0!3m2!1i1024!2i768!4f13.1!3m3!1m2!1s0x4805eeb2d43a819f%3A0x45079a97cbc0bdf1!2sBd%20des%20Martyrs%20Nantais%20de%20la%20R%C3%A9sistance%2C%2044200%20Nantes!5e0!3m2!1sfr!2sfr!4v1744623479113!5m2!1sfr!2sfr\" title=\"Ouvrie le lien\" rel=\"nofollow noopener\" target=\"_blank\">Cliquez ici pour visualiser le contenu<\/a><\/p>\n<p>Une enqu\u00eate ouverte<\/p>\n<p class=\" wall-content\">Pr\u00e9sent dans l\u2019appartement au moment de la d\u00e9fenestration, le conjoint de la victime a \u00e9t\u00e9 plac\u00e9 en garde \u00e0 vue avant d\u2019\u00eatre rel\u00e2ch\u00e9. <strong>Une enqu\u00eate a \u00e9t\u00e9 ouverte<\/strong> pour comprendre les circonstances de ce drame.<\/p>\n<p class=\" wall-content\">Selon une source proche du dossier, la femme de 36\u00a0ans aurait \u00e9voqu\u00e9<strong> des \u00ab\u2009id\u00e9es suicidaires\u2009\u00bb.<\/strong> L\u2019autopsie du corps de la victime doit \u00eatre r\u00e9alis\u00e9e dans les prochaines heures.<\/p>\n<p>Vid\u00e9os : en ce moment sur Actu<\/p>\n<p class=\" wall-content\">Suivez toute l\u2019actualit\u00e9 de vos villes et m\u00e9dias favoris en vous inscrivant \u00e0 <a href=\"https:\/\/moncompte.actu.fr\" title=\"D\u00e9couvez Mon Actu\" rel=\"nofollow noopener\" data-trk=\"{&quot;cta&quot;:{&quot;action&quot;:&quot;https:\\\/\\\/moncompte.actu.fr&quot;,&quot;category&quot;:&quot;mon compte&quot;,&quot;from&quot;:&quot;article footer&quot;,&quot;name&quot;:&quot;Mon actu&quot;,&quot;type&quot;:&quot;cta&quot;}}\" target=\"_blank\">Mon Actu<\/a>.<\/p>\n","protected":false},"excerpt":{"rendered":"Par Thomas Bernard Publi\u00e9 le 14 avr. 2025 \u00e0 11h50 Il est 4h du matin, ce samedi 12\u00a0avril&hellip;\n","protected":false},"author":2,"featured_media":24885,"comment_status":"","ping_status":"","sticky":false,"template":"","format":"standard","meta":{"footnotes":""},"categories":[2818],"tags":[1111,11,1777,674,118,1011,27,766,12,2636,1072,1311,25],"class_list":{"0":"post-24884","1":"post","2":"type-post","3":"status-publish","4":"format-standard","5":"has-post-thumbnail","7":"category-nantes","8":"tag-actu","9":"tag-actualites","10":"tag-eu","11":"tag-europe","12":"tag-faits-divers","13":"tag-fr","14":"tag-france","15":"tag-nantes","16":"tag-news","17":"tag-pays-de-la-loire","18":"tag-police","19":"tag-pompiers","20":"tag-republique-francaise"},"share_on_mastodon":{"url":"https:\/\/pubeurope.com\/@fr\/114337701192977192","error":""},"_links":{"self":[{"href":"https:\/\/www.europesays.com\/fr\/wp-json\/wp\/v2\/posts\/24884","targetHints":{"allow":["GET"]}}],"collection":[{"href":"https:\/\/www.europesays.com\/fr\/wp-json\/wp\/v2\/posts"}],"about":[{"href":"https:\/\/www.europesays.com\/fr\/wp-json\/wp\/v2\/types\/post"}],"author":[{"embeddable":true,"href":"https:\/\/www.europesays.com\/fr\/wp-json\/wp\/v2\/users\/2"}],"replies":[{"embeddable":true,"href":"https:\/\/www.europesays.com\/fr\/wp-json\/wp\/v2\/comments?post=24884"}],"version-history":[{"count":0,"href":"https:\/\/www.europesays.com\/fr\/wp-json\/wp\/v2\/posts\/24884\/revisions"}],"wp:featuredmedia":[{"embeddable":true,"href":"https:\/\/www.europesays.com\/fr\/wp-json\/wp\/v2\/media\/24885"}],"wp:attachment":[{"href":"https:\/\/www.europesays.com\/fr\/wp-json\/wp\/v2\/media?parent=24884"}],"wp:term":[{"taxonomy":"category","embeddable":true,"href":"https:\/\/www.europesays.com\/fr\/wp-json\/wp\/v2\/categories?post=24884"},{"taxonomy":"post_tag","embeddable":true,"href":"https:\/\/www.europesays.com\/fr\/wp-json\/wp\/v2\/tags?post=24884"}],"curies":[{"name":"wp","href":"https:\/\/api.w.org\/{rel}","templated":true}]}}