{"id":248846,"date":"2025-07-14T07:18:09","date_gmt":"2025-07-14T07:18:09","guid":{"rendered":"https:\/\/www.europesays.com\/fr\/248846\/"},"modified":"2025-07-14T07:18:09","modified_gmt":"2025-07-14T07:18:09","slug":"vous-pensiez-que-les-reptiles-etaient-insensibles-ces-tortues-vont-vous-faire-changer-davis","status":"publish","type":"post","link":"https:\/\/www.europesays.com\/fr\/248846\/","title":{"rendered":"Vous pensiez que les reptiles \u00e9taient insensibles ? Ces tortues vont vous faire changer d\u2019avis !"},"content":{"rendered":"<p data-start=\"321\" data-end=\"821\"><strong>Peut-on parler de<br \/>\ntortues optimistes ou d\u00e9prim\u00e9es ? Aussi surprenante que la question<br \/>\npuisse para\u00eetre, une \u00e9tude r\u00e9cente men\u00e9e par des chercheurs de<br \/>\nl\u2019Universit\u00e9 de Lincoln (Royaume-Uni) vient remettre en question<br \/>\ndes si\u00e8cles d\u2019id\u00e9es re\u00e7ues sur le monde \u00e9motionnel des <a href=\"https:\/\/sciencepost.fr\/une-simple-empreinte-une-revolution-la-decouverte-australienne-qui-reecrit-lorigine-des-reptiles-et-des-mammiferes\/\" target=\"_blank\" rel=\"noopener nofollow\">reptiles<\/a>. Longtemps consid\u00e9r\u00e9s<br \/>\ncomme froids, primitifs et m\u00e9caniques, ces animaux pourraient bien<br \/>\n\u00e9prouver des humeurs durables, comparables \u00e0 celles des oiseaux ou<br \/>\ndes mammif\u00e8res. Et les implications sont loin d\u2019\u00eatre<br \/>\nanecdotiques.<\/strong><\/p>\n<p>Une approche in\u00e9dite pour<br \/>\nsonder les \u00e9motions des reptiles<\/p>\n<p data-start=\"887\" data-end=\"1366\">Comprendre ce que ressent un<br \/>\nanimal incapable de s\u2019exprimer avec des mots est un d\u00e9fi de taille.<br \/>\nChez les mammif\u00e8res et certains oiseaux, les scientifiques<br \/>\nutilisent depuis plusieurs ann\u00e9es des tests de \u00ab\u00a0biais<br \/>\ncognitifs\u00a0\u00bb, une m\u00e9thode issue de la psychologie humaine.<br \/>\nL\u2019id\u00e9e est simple : face \u00e0 une situation ambig\u00fce, un individu<br \/>\noptimiste aura tendance \u00e0 interpr\u00e9ter le contexte positivement,<br \/>\ntandis qu\u2019un individu anxieux ou pessimiste adoptera une posture<br \/>\nprudente ou \u00e9vitante.<\/p>\n<p data-start=\"1368\" data-end=\"1938\">C\u2019est cette m\u00e9thodologie que<br \/>\nl\u2019\u00e9quipe britannique a adapt\u00e9e pour \u00e9tudier quinze<br \/>\n<strong data-start=\"1448\" data-end=\"1489\">tortues charbonni\u00e8res \u00e0<br \/>\npattes rouges<\/strong> (Chelonoidis carbonaria), une esp\u00e8ce de reptile<br \/>\nterrestre vivant en Am\u00e9rique du Sud. Les chercheurs ont entra\u00een\u00e9<br \/>\nles tortues \u00e0 reconna\u00eetre deux emplacements dans un enclos : l\u2019un<br \/>\no\u00f9 une gamelle contenait toujours de la nourriture, l\u2019autre<br \/>\nsyst\u00e9matiquement vide. Une fois ce conditionnement \u00e9tabli, ils ont<br \/>\nplac\u00e9 des bols \u00e0 des emplacements interm\u00e9diaires \u2014 ni clairement<br \/>\npositifs, ni clairement n\u00e9gatifs \u2014 pour observer les r\u00e9actions des<br \/>\nanimaux.<\/p>\n<p data-start=\"1940\" data-end=\"2325\">R\u00e9sultat : certaines tortues<br \/>\nse dirigeaient rapidement (pour une tortue) vers les emplacements<br \/>\nambigus, comme si elles esp\u00e9raient y trouver une r\u00e9compense.<br \/>\nD\u2019autres, plus m\u00e9fiantes, ne bougeaient pas ou semblaient renoncer<br \/>\navant m\u00eame d\u2019avoir essay\u00e9. Une diff\u00e9rence d\u2019attitude qui ne<br \/>\ns\u2019explique ni par l\u2019instinct pur ni par le hasard, mais bien par<br \/>\nune disposition \u00e9motionnelle durable.<\/p>\n<p>Optimistes, anxieuses\u2026 et<br \/>\npleines de surprises<\/p>\n<p data-start=\"2381\" data-end=\"2813\">Les exp\u00e9riences ne se sont pas<br \/>\narr\u00eat\u00e9es l\u00e0. Dans un second test, les chercheurs ont introduit un<br \/>\nobjet inconnu dans l\u2019enclos. L\u00e0 encore, des divergences sont<br \/>\napparues : certaines tortues s\u2019approchaient prudemment pour<br \/>\nl\u2019observer, t\u00eate tendue hors de leur carapace, tandis que d\u2019autres<br \/>\nrestaient en retrait, voire ignoraient compl\u00e8tement l\u2019intrus. Ce<br \/>\ncomportement a \u00e9t\u00e9 interpr\u00e9t\u00e9 comme un indicateur du niveau<br \/>\nd\u2019anxi\u00e9t\u00e9 des animaux.<\/p>\n<p data-start=\"2815\" data-end=\"3215\">Enfin, pour renforcer leurs<br \/>\nobservations, les scientifiques ont modifi\u00e9 l\u2019environnement des<br \/>\ntortues \u2014 couleurs, textures \u2014 et analys\u00e9 leurs r\u00e9actions \u00e0 ces<br \/>\nchangements. L\u00e0 encore, les profils comportementaux se confirmaient<br \/>\n: les tortues qualifi\u00e9es d\u2019\u00a0\u00bboptimistes\u00a0\u00bb r\u00e9agissaient de<br \/>\nfa\u00e7on plus curieuse et d\u00e9tendue, tandis que les plus craintives ou<br \/>\n\u00ab\u00a0pessimistes\u00a0\u00bb faisaient preuve de prudence<br \/>\nexcessive.<\/p>\n<p data-start=\"3217\" data-end=\"3558\">Ce faisceau d\u2019indices permet<br \/>\naux chercheurs d\u2019affirmer, pour la premi\u00e8re fois dans la<br \/>\nlitt\u00e9rature scientifique, que les tortues peuvent \u00eatre le si\u00e8ge<br \/>\nd\u2019humeurs persistantes, ind\u00e9pendantes d\u2019un stimulus imm\u00e9diat. En<br \/>\nd\u2019autres termes : elles ne r\u00e9agissent pas uniquement au pr\u00e9sent,<br \/>\nmais sont influenc\u00e9es par des \u00e9tats \u00e9motionnels sous-jacents.<\/p>\n<p><img loading=\"lazy\" data-lazyloaded=\"1\" decoding=\"async\" class=\"size-full wp-image-313174\" src=\"https:\/\/www.europesays.com\/fr\/wp-content\/uploads\/2025\/07\/Tortue_pattes_rouges_-scaled.jpg\" alt=\"tortues\" width=\"2048\" height=\"1365\"  data-\/><br \/>\nTortue charbonni\u00e8res \u00e0 pattes rouges. Cr\u00e9dits : Thierry<br \/>\nPierrardUne r\u00e9volution silencieuse<br \/>\ndans la compr\u00e9hension animale<\/p>\n<p data-start=\"3622\" data-end=\"4097\">L\u2019\u00e9tude, publi\u00e9e dans la revue<br \/>\n<a href=\"https:\/\/link.springer.com\/article\/10.1007\/s10071-025-01973-y\" target=\"_blank\" rel=\"noopener nofollow\">Animal Cognition<\/a>, est bien plus qu\u2019une curiosit\u00e9<br \/>\nacad\u00e9mique. Elle remet profond\u00e9ment en question notre hi\u00e9rarchie<br \/>\nimplicite des \u00e9motions dans le r\u00e8gne animal. Jusqu\u2019ici, seuls les<br \/>\nmammif\u00e8res et certains oiseaux \u2014 notamment les corvid\u00e9s et les<br \/>\nperroquets \u2014 \u00e9taient cr\u00e9dit\u00e9s de v\u00e9ritables \u00e9tats mentaux durables.<br \/>\nL\u2019entr\u00e9e des reptiles dans ce cercle ferm\u00e9 pourrait avoir des<br \/>\ncons\u00e9quences majeures, \u00e0 la fois sur le plan scientifique et<br \/>\n\u00e9thique.<\/p>\n<p data-start=\"4099\" data-end=\"4504\">Sur le plan \u00e9volutif d\u2019abord,<br \/>\ncette d\u00e9couverte soul\u00e8ve une question fascinante : les \u00e9motions<br \/>\nsont-elles un h\u00e9ritage commun \u00e0 tous les vert\u00e9br\u00e9s, ou sont-elles<br \/>\napparues plusieurs fois, de mani\u00e8re ind\u00e9pendante ? Si la premi\u00e8re<br \/>\nhypoth\u00e8se est vraie, alors nos anc\u00eatres communs avec les reptiles \u2014<br \/>\ny compris les dinosaures \u2014 pourraient eux aussi avoir ressenti de<br \/>\nla peur, de la curiosit\u00e9, ou m\u00eame de l\u2019ennui.<\/p>\n<p data-start=\"4506\" data-end=\"4921\">Mais les implications sont<br \/>\naussi tr\u00e8s concr\u00e8tes : dans un monde o\u00f9 les reptiles sont de plus<br \/>\nen plus adopt\u00e9s comme animaux de compagnie ou maintenus en<br \/>\ncaptivit\u00e9 dans des zoos, il devient urgent de prendre en compte<br \/>\nleur bien-\u00eatre \u00e9motionnel. Un reptile mal log\u00e9, isol\u00e9 ou stress\u00e9<br \/>\npourrait d\u00e9velopper des troubles comparables \u00e0 ceux observ\u00e9s chez<br \/>\nles mammif\u00e8res. Et jusque-l\u00e0, personne ne s\u2019en pr\u00e9occupait<br \/>\nvraiment.<\/p>\n<p>Changer notre regard sur les<br \/>\n\u00ab\u00a0cerveaux froids\u00a0\u00bb<\/p>\n<p data-start=\"4975\" data-end=\"5245\">Notre langage trahit souvent<br \/>\nnos pr\u00e9jug\u00e9s. Parler de \u00ab\u00a0cerveau reptilien\u00a0\u00bb, c\u2019est<br \/>\n\u00e9voquer une pens\u00e9e archa\u00efque, instinctive, d\u00e9nu\u00e9e de nuance. Mais \u00e0<br \/>\nl\u2019instar des \u00ab\u00a0oiseaux \u00e0 petit cerveau\u00a0\u00bb, les tortues<br \/>\nviennent de prouver qu\u2019elles sont bien plus subtiles qu\u2019il n\u2019y<br \/>\npara\u00eet.<\/p>\n<p data-start=\"5247\" data-end=\"5401\">Et si la tortue d\u2019\u00c9sope avait<br \/>\ngagn\u00e9 sa course contre le li\u00e8vre non pas gr\u00e2ce \u00e0 sa lenteur, mais<br \/>\ngr\u00e2ce \u00e0 sa pers\u00e9v\u00e9rance\u2026 et une bonne dose d\u2019optimisme ?<\/p>\n","protected":false},"excerpt":{"rendered":"Peut-on parler de tortues optimistes ou d\u00e9prim\u00e9es ? Aussi surprenante que la question puisse para\u00eetre, une \u00e9tude r\u00e9cente&hellip;\n","protected":false},"author":2,"featured_media":248847,"comment_status":"","ping_status":"","sticky":false,"template":"","format":"standard","meta":{"footnotes":""},"categories":[7],"tags":[1011,27,43,40,41,39,42,44],"class_list":{"0":"post-248846","1":"post","2":"type-post","3":"status-publish","4":"format-standard","5":"has-post-thumbnail","7":"category-sciences-et-technologies","8":"tag-fr","9":"tag-france","10":"tag-science","11":"tag-science-and-technology","12":"tag-sciences","13":"tag-sciences-et-technologies","14":"tag-technologies","15":"tag-technology"},"share_on_mastodon":{"url":"https:\/\/pubeurope.com\/@fr\/114850372283690670","error":""},"_links":{"self":[{"href":"https:\/\/www.europesays.com\/fr\/wp-json\/wp\/v2\/posts\/248846","targetHints":{"allow":["GET"]}}],"collection":[{"href":"https:\/\/www.europesays.com\/fr\/wp-json\/wp\/v2\/posts"}],"about":[{"href":"https:\/\/www.europesays.com\/fr\/wp-json\/wp\/v2\/types\/post"}],"author":[{"embeddable":true,"href":"https:\/\/www.europesays.com\/fr\/wp-json\/wp\/v2\/users\/2"}],"replies":[{"embeddable":true,"href":"https:\/\/www.europesays.com\/fr\/wp-json\/wp\/v2\/comments?post=248846"}],"version-history":[{"count":0,"href":"https:\/\/www.europesays.com\/fr\/wp-json\/wp\/v2\/posts\/248846\/revisions"}],"wp:featuredmedia":[{"embeddable":true,"href":"https:\/\/www.europesays.com\/fr\/wp-json\/wp\/v2\/media\/248847"}],"wp:attachment":[{"href":"https:\/\/www.europesays.com\/fr\/wp-json\/wp\/v2\/media?parent=248846"}],"wp:term":[{"taxonomy":"category","embeddable":true,"href":"https:\/\/www.europesays.com\/fr\/wp-json\/wp\/v2\/categories?post=248846"},{"taxonomy":"post_tag","embeddable":true,"href":"https:\/\/www.europesays.com\/fr\/wp-json\/wp\/v2\/tags?post=248846"}],"curies":[{"name":"wp","href":"https:\/\/api.w.org\/{rel}","templated":true}]}}