{"id":248861,"date":"2025-07-14T07:29:10","date_gmt":"2025-07-14T07:29:10","guid":{"rendered":"https:\/\/www.europesays.com\/fr\/248861\/"},"modified":"2025-07-14T07:29:10","modified_gmt":"2025-07-14T07:29:10","slug":"un-veritable-carton-deja-10-000-visiteurs-pour-lexposition-banksy-a-toulon","status":"publish","type":"post","link":"https:\/\/www.europesays.com\/fr\/248861\/","title":{"rendered":"Un v\u00e9ritable carton: d\u00e9j\u00e0 10.000 visiteurs pour l\u2019exposition Banksy \u00e0 Toulon"},"content":{"rendered":"<p>D\u00e9j\u00e0 un mois que les amateurs de street art peuvent admirer l\u2019exposition \u00ab\u00a0Banksy, une (R) \u00e9volution\u00a0\u00bb au mus\u00e9e d\u2019art toulonnais (MAT). D\u00e8s son lancement, l\u2019\u00e9v\u00e9nement a suscit\u00e9 un bel engouement, comme l\u2019explique Yann Tainguy, adjoint en charge de la culture. \u00ab\u00a0L\u2019exposition a connu un beau d\u00e9marrage d\u00e8s son premier week-end d\u2019exploitation. Et depuis, la fr\u00e9quentation ne faiblit pas\u00a0\u00bb. Les premiers chiffres sont tomb\u00e9s et t\u00e9moignent de sa r\u00e9ussite. En quatre semaines, 10.000 visiteurs ont franchi les portes du mus\u00e9e pour admirer les \u0153uvres. \u00c0 titre de comparaison, ce chiffre d\u00e9passe celui de l\u2019exposition phare sur Picasso, en 2019, sur la m\u00eame dur\u00e9e d\u2019exploitation. On comptabilisait alors 9.200 visites en un mois.<\/p>\n<p><strong>Un th\u00e8me accessible \u00e0 un large public<\/strong><\/p>\n<p>Selon l\u2019\u00e9lu, ce succ\u00e8s s\u2019explique par le th\u00e8me abord\u00e9 qui \u00a0\u00bb s\u2019adresse \u00e0 un public large. L\u2019exposition est con\u00e7ue comme une \u0153uvre historique et didactique du mouvement. Elle retrace l\u2019\u00e9volution du genre ces trente \u00e0 quarante derni\u00e8res ann\u00e9es, ce qui parle \u00e0 tous, notamment aux plus jeunes \u00ab\u00a0.<\/p>\n<p>Si des artistes reconnus du mouvement sont repr\u00e9sent\u00e9s (Blek le Rat, JR, Invader\u2026), c\u2019est bel et bien le nom de Banksy qui met en lumi\u00e8re l\u2019exposition. Sur les 80 \u0153uvres issues de collections priv\u00e9es europ\u00e9ennes, 40 appartiennent \u00e0 l\u2019artiste britannique, repr\u00e9sentant historique du street art.<\/p>\n<p>\u00ab\u00a0Durant ce premier mois, nous avons eu un public plut\u00f4t local et r\u00e9gional, ajoute Yann Tainguy. Les semaines \u00e0 venir, nous verrons davantage de touristes et l\u2019\u00e9v\u00e9nement va attirer un nouveau public. Le succ\u00e8s ne devrait que cro\u00eetre&#8230; \u00ab\u00a0<\/p>\n<p>L\u2019exposition se poursuit jusqu\u2019en octobre.<\/p>\n","protected":false},"excerpt":{"rendered":"D\u00e9j\u00e0 un mois que les amateurs de street art peuvent admirer l\u2019exposition \u00ab\u00a0Banksy, une (R) \u00e9volution\u00a0\u00bb au mus\u00e9e&hellip;\n","protected":false},"author":2,"featured_media":248862,"comment_status":"","ping_status":"","sticky":false,"template":"","format":"standard","meta":{"footnotes":""},"categories":[9619],"tags":[1111,11,1348,251,1777,674,1011,27,12,882,25,2310],"class_list":{"0":"post-248861","1":"post","2":"type-post","3":"status-publish","4":"format-standard","5":"has-post-thumbnail","7":"category-toulon","8":"tag-actu","9":"tag-actualites","10":"tag-arts","11":"tag-culture","12":"tag-eu","13":"tag-europe","14":"tag-fr","15":"tag-france","16":"tag-news","17":"tag-provence-alpes-cote-dazur","18":"tag-republique-francaise","19":"tag-toulon"},"share_on_mastodon":{"url":"https:\/\/pubeurope.com\/@fr\/114850415462788708","error":""},"_links":{"self":[{"href":"https:\/\/www.europesays.com\/fr\/wp-json\/wp\/v2\/posts\/248861","targetHints":{"allow":["GET"]}}],"collection":[{"href":"https:\/\/www.europesays.com\/fr\/wp-json\/wp\/v2\/posts"}],"about":[{"href":"https:\/\/www.europesays.com\/fr\/wp-json\/wp\/v2\/types\/post"}],"author":[{"embeddable":true,"href":"https:\/\/www.europesays.com\/fr\/wp-json\/wp\/v2\/users\/2"}],"replies":[{"embeddable":true,"href":"https:\/\/www.europesays.com\/fr\/wp-json\/wp\/v2\/comments?post=248861"}],"version-history":[{"count":0,"href":"https:\/\/www.europesays.com\/fr\/wp-json\/wp\/v2\/posts\/248861\/revisions"}],"wp:featuredmedia":[{"embeddable":true,"href":"https:\/\/www.europesays.com\/fr\/wp-json\/wp\/v2\/media\/248862"}],"wp:attachment":[{"href":"https:\/\/www.europesays.com\/fr\/wp-json\/wp\/v2\/media?parent=248861"}],"wp:term":[{"taxonomy":"category","embeddable":true,"href":"https:\/\/www.europesays.com\/fr\/wp-json\/wp\/v2\/categories?post=248861"},{"taxonomy":"post_tag","embeddable":true,"href":"https:\/\/www.europesays.com\/fr\/wp-json\/wp\/v2\/tags?post=248861"}],"curies":[{"name":"wp","href":"https:\/\/api.w.org\/{rel}","templated":true}]}}