{"id":248872,"date":"2025-07-14T07:36:12","date_gmt":"2025-07-14T07:36:12","guid":{"rendered":"https:\/\/www.europesays.com\/fr\/248872\/"},"modified":"2025-07-14T07:36:12","modified_gmt":"2025-07-14T07:36:12","slug":"noyal-sur-vilaine-deux-visites-guidees-du-patrimoine-communal","status":"publish","type":"post","link":"https:\/\/www.europesays.com\/fr\/248872\/","title":{"rendered":"Noyal-sur-Vilaine. Deux visites guid\u00e9es du patrimoine communal"},"content":{"rendered":"<p>L\u2019office de tourisme du Pays de Ch\u00e2teaugiron communaut\u00e9 (PCC) organise chaque ann\u00e9e deux visites guid\u00e9es dans deux domaines diff\u00e9rents.<\/p>\n<p>En juillet, le guide fera d\u00e9couvrir l\u2019espace Eco-chanvre. La plante, autrefois cultiv\u00e9e dans la r\u00e9gion, servait \u00e0 confectionner des voiles, les noyales, utilis\u00e9es dans la navigation. L\u2019herbac\u00e9e est \u00e0 la mode chez les influenceurs et a trouv\u00e9 de nombreux usages dans la construction, mais aussi en gastronomie. En visitant Eco-chanvre, on d\u00e9couvre des traditions mais pas seulement. Apr\u00e8s \u00eatre tomb\u00e9e dans l\u2019oubli, la plante est \u00e0 red\u00e9couvrir dans un cadre de la transition \u00e9cologique.<\/p>\n<p>En ao\u00fbt, l\u2019office de tourisme met en valeur le patrimoine religieux de la commune avec la visite de l\u2019\u00e9glise Saint-Pierre, o\u00f9 est enterr\u00e9 le chanoine Alexis Geffrault, qui est \u00e0 l\u2019origine de sa cr\u00e9ation ainsi que de celle de la chapelle de la maison de retraite d\u00e9cor\u00e9e par les fr\u00e8res Odorico, les c\u00e9l\u00e8bres mosa\u00efstes rennais. Les vitraux sont chatoyants, comme ceux de l\u2019\u00e9glise.<\/p>\n<p>Informations et r\u00e9servations obligatoires sur le site, tourisme-paysdechateaugiron.bzh ou par t\u00e9l. au 02\u00a099\u00a037\u00a089\u00a002.<\/p>\n<p>Vendredi 25\u00a0juillet et lundi 4\u00a0ao\u00fbt, \u00e0 14\u00a0h\u00a030, visite d\u2019Eco-chanvre et visite de l\u2019\u00e9glise et de la chapelle.<\/p>\n<p>\u00a0<\/p>\n","protected":false},"excerpt":{"rendered":"L\u2019office de tourisme du Pays de Ch\u00e2teaugiron communaut\u00e9 (PCC) organise chaque ann\u00e9e deux visites guid\u00e9es dans deux domaines&hellip;\n","protected":false},"author":2,"featured_media":248873,"comment_status":"","ping_status":"","sticky":false,"template":"","format":"standard","meta":{"footnotes":""},"categories":[2821],"tags":[1111,11,829,38908,1777,674,1011,27,38907,12,15456,2551,3086,584,25,20899],"class_list":{"0":"post-248872","1":"post","2":"type-post","3":"status-publish","4":"format-standard","5":"has-post-thumbnail","7":"category-rennes","8":"tag-actu","9":"tag-actualites","10":"tag-bretagne","11":"tag-communal","12":"tag-eu","13":"tag-europe","14":"tag-fr","15":"tag-france","16":"tag-guidees","17":"tag-news","18":"tag-noyal-sur-vilaine","19":"tag-patrimoine","20":"tag-redon","21":"tag-rennes","22":"tag-republique-francaise","23":"tag-visites"},"share_on_mastodon":{"url":"https:\/\/pubeurope.com\/@fr\/114850442983507765","error":""},"_links":{"self":[{"href":"https:\/\/www.europesays.com\/fr\/wp-json\/wp\/v2\/posts\/248872","targetHints":{"allow":["GET"]}}],"collection":[{"href":"https:\/\/www.europesays.com\/fr\/wp-json\/wp\/v2\/posts"}],"about":[{"href":"https:\/\/www.europesays.com\/fr\/wp-json\/wp\/v2\/types\/post"}],"author":[{"embeddable":true,"href":"https:\/\/www.europesays.com\/fr\/wp-json\/wp\/v2\/users\/2"}],"replies":[{"embeddable":true,"href":"https:\/\/www.europesays.com\/fr\/wp-json\/wp\/v2\/comments?post=248872"}],"version-history":[{"count":0,"href":"https:\/\/www.europesays.com\/fr\/wp-json\/wp\/v2\/posts\/248872\/revisions"}],"wp:featuredmedia":[{"embeddable":true,"href":"https:\/\/www.europesays.com\/fr\/wp-json\/wp\/v2\/media\/248873"}],"wp:attachment":[{"href":"https:\/\/www.europesays.com\/fr\/wp-json\/wp\/v2\/media?parent=248872"}],"wp:term":[{"taxonomy":"category","embeddable":true,"href":"https:\/\/www.europesays.com\/fr\/wp-json\/wp\/v2\/categories?post=248872"},{"taxonomy":"post_tag","embeddable":true,"href":"https:\/\/www.europesays.com\/fr\/wp-json\/wp\/v2\/tags?post=248872"}],"curies":[{"name":"wp","href":"https:\/\/api.w.org\/{rel}","templated":true}]}}