{"id":248875,"date":"2025-07-14T07:38:12","date_gmt":"2025-07-14T07:38:12","guid":{"rendered":"https:\/\/www.europesays.com\/fr\/248875\/"},"modified":"2025-07-14T07:38:12","modified_gmt":"2025-07-14T07:38:12","slug":"strasbourg-la-federation-des-industries-ferroviaires-se-dote-dune-antenne-en-grand-est","status":"publish","type":"post","link":"https:\/\/www.europesays.com\/fr\/248875\/","title":{"rendered":"Strasbourg. La f\u00e9d\u00e9ration des industries ferroviaires se dote d\u2019une antenne en Grand Est"},"content":{"rendered":"<p>\u00c0 l\u2019occasion de son assembl\u00e9e g\u00e9n\u00e9rale annuelle, r\u00e9unie le jeudi 10\u00a0juillet \u00e0 Strasbourg, la f\u00e9d\u00e9ration des industries ferroviaires (FIF), un lobby qui repr\u00e9sente l\u2019ensemble des acteurs de la fili\u00e8re, a annonc\u00e9 la cr\u00e9ation d\u2019une antenne r\u00e9gionale en Grand Est. Cette \u00e9manation, la premi\u00e8re en r\u00e9gion pour la FIF, repose sur un bureau compos\u00e9 d\u2019un pr\u00e9sident, Jacques Gargowitsch (groupe FS Group, Strasbourg) et de quatre vice-pr\u00e9sidents, St\u00e9phanie Dommange (groupe SNCF, Strasbourg), Julien Guilleret (CAF, Reichshoffen), Julien Rat (groupe Lohr, Duppigheim) et Eric Tassilly (Knorr Bremse -Syst\u00e8mes ferroviaires France, Tinqueux).<\/p>\n<p>\u00ab\u00a0Le Grand Est a \u00e9t\u00e9 la premi\u00e8re r\u00e9gion fran\u00e7aise \u00e0 se doter d\u2019une soci\u00e9t\u00e9 publique locale pour l\u2019achat de mat\u00e9riel roulant et \u00e0 reprendre la gestion de ses petites lignes\u00a0\u00bb, souligne la FIF pour expliquer son choix. L\u2019antenne FIF Grand Est, ajoute-t-elle, \u00ab\u00a0aura pour premi\u00e8re mission de f\u00e9d\u00e9rer les acteurs r\u00e9gionaux autour de trois priorit\u00e9s strat\u00e9giques\u00a0: la performance industrielle, la formation et le d\u00e9veloppement des comp\u00e9tences, l\u2019innovation et la d\u00e9carbonation.\u00a0\u00bb<\/p>\n","protected":false},"excerpt":{"rendered":"\u00c0 l\u2019occasion de son assembl\u00e9e g\u00e9n\u00e9rale annuelle, r\u00e9unie le jeudi 10\u00a0juillet \u00e0 Strasbourg, la f\u00e9d\u00e9ration des industries ferroviaires&hellip;\n","protected":false},"author":2,"featured_media":248760,"comment_status":"","ping_status":"","sticky":false,"template":"","format":"standard","meta":{"footnotes":""},"categories":[2820],"tags":[1111,11,2389,2649,33,1777,674,107,1011,27,775,693,12,25,640,2803],"class_list":{"0":"post-248875","1":"post","2":"type-post","3":"status-publish","4":"format-standard","5":"has-post-thumbnail","7":"category-strasbourg","8":"tag-actu","9":"tag-actualites","10":"tag-alsace","11":"tag-bas-rhin","12":"tag-economie","13":"tag-eu","14":"tag-europe","15":"tag-fil-info","16":"tag-fr","17":"tag-france","18":"tag-grand-est","19":"tag-industrie","20":"tag-news","21":"tag-republique-francaise","22":"tag-strasbourg","23":"tag-transport"},"share_on_mastodon":{"url":"https:\/\/pubeurope.com\/@fr\/114850451055013496","error":""},"_links":{"self":[{"href":"https:\/\/www.europesays.com\/fr\/wp-json\/wp\/v2\/posts\/248875","targetHints":{"allow":["GET"]}}],"collection":[{"href":"https:\/\/www.europesays.com\/fr\/wp-json\/wp\/v2\/posts"}],"about":[{"href":"https:\/\/www.europesays.com\/fr\/wp-json\/wp\/v2\/types\/post"}],"author":[{"embeddable":true,"href":"https:\/\/www.europesays.com\/fr\/wp-json\/wp\/v2\/users\/2"}],"replies":[{"embeddable":true,"href":"https:\/\/www.europesays.com\/fr\/wp-json\/wp\/v2\/comments?post=248875"}],"version-history":[{"count":0,"href":"https:\/\/www.europesays.com\/fr\/wp-json\/wp\/v2\/posts\/248875\/revisions"}],"wp:featuredmedia":[{"embeddable":true,"href":"https:\/\/www.europesays.com\/fr\/wp-json\/wp\/v2\/media\/248760"}],"wp:attachment":[{"href":"https:\/\/www.europesays.com\/fr\/wp-json\/wp\/v2\/media?parent=248875"}],"wp:term":[{"taxonomy":"category","embeddable":true,"href":"https:\/\/www.europesays.com\/fr\/wp-json\/wp\/v2\/categories?post=248875"},{"taxonomy":"post_tag","embeddable":true,"href":"https:\/\/www.europesays.com\/fr\/wp-json\/wp\/v2\/tags?post=248875"}],"curies":[{"name":"wp","href":"https:\/\/api.w.org\/{rel}","templated":true}]}}