{"id":248878,"date":"2025-07-14T07:42:18","date_gmt":"2025-07-14T07:42:18","guid":{"rendered":"https:\/\/www.europesays.com\/fr\/248878\/"},"modified":"2025-07-14T07:42:18","modified_gmt":"2025-07-14T07:42:18","slug":"pourquoi-ces-rues-seront-fermees-a-la-circulation-cet-ete","status":"publish","type":"post","link":"https:\/\/www.europesays.com\/fr\/248878\/","title":{"rendered":"pourquoi ces rues seront ferm\u00e9es \u00e0 la circulation cet \u00e9t\u00e9\u00a0?"},"content":{"rendered":"<p>            Par<br \/>\n        <strong><br \/>\n            <a href=\"https:\/\/actu.fr\/auteur\/clemence-pays02-actu-fr\" title=\"Consulter tous les articles de Cl\u00e9mence Pays\" rel=\"nofollow noopener\" target=\"_blank\">Cl\u00e9mence Pays<\/a><br \/>\n        <\/strong><\/p>\n<p>        Publi\u00e9 le<\/p>\n<p>            14 juil. 2025 \u00e0 8h32        <\/p>\n<p>Bien souvent, la Ville de Nantes profite du calme des <a href=\"https:\/\/actu.fr\/tag\/vacances-scolaires\" rel=\"nofollow noopener\" target=\"_blank\">vacances scolaires<\/a> pour entamer des <strong>travaux.<\/strong> Cet \u00e9t\u00e9 2025 n\u2019\u00e9chappera pas \u00e0 la r\u00e8gle. \u00ab\u2009Ces chantiers ont pour objectif de garantir aux habitantes et habitants le service, la qualit\u00e9 et la s\u00e9curit\u00e9 des diff\u00e9rents espaces publics et r\u00e9seaux de la M\u00e9tropole\u2009\u00bb, assure Nantes M\u00e9tropole dans un communiqu\u00e9.<\/p>\n<p class=\" wall-content\">Ces travaux concernent majoritairement le tramway, les r\u00e9seaux de chaleur ainsi que les r\u00e9seaux d\u2019eau potable et d\u2019assainissement, la voirie et la cr\u00e9ation de nouveaux axes cyclables. Mais pour cela, un certain nombre de <strong>rues vont devoir fermer \u00e0 la circulation.<\/strong> La r\u00e9daction fait le point.<\/p>\n<p>Les axes ferm\u00e9s pour la cr\u00e9ation de pistes cyclables<\/p>\n<ul class=\" wall-content\">\n<li><strong>Rond-point de la VM107 et rue Niescierewicz \u00e0 Cou\u00ebron\u2009:<\/strong> travaux du 16\u00a0juillet \u00e0 fin ao\u00fbt en alternat et avec <strong>rue barr\u00e9e\u2009;<\/strong><\/li>\n<li><strong>boulevard Stalingrad\/boulevard Dalby\/route de Sainte-Luce\u2009:<\/strong> travaux de cr\u00e9ation d\u2019un axe cyclable de septembre\u00a02024 \u00e0 l\u2019\u00e9t\u00e9 2025 avec mise en place de <strong>sens unique<\/strong> en fonction du phasage\/travaux rue la route de Sainte-Luce par section entre septembre\u00a02024 et juillet\u00a02025\/travaux sur le boulevard Dalby entre mars\u00a02025 et fin 2025\u2009;<\/li>\n<li><strong>boulevard des Pas Enchant\u00e9s \u00e0 Saint-S\u00e9bastien-sur-Loire\u2009:<\/strong> les travaux se poursuivent en <strong>sens unique<\/strong> sur le dernier tron\u00e7on \u00e0 l\u2019\u00e9t\u00e9 2025\u2009;<\/li>\n<li><strong>boulevard Henri-Becquerel<\/strong> (section comprise entre la rue du Gesvres et la rue Amp\u00e8re)<strong> \u00e0 La Chapelle-sur-Erdre\u2009:<\/strong> travaux Semitan de cr\u00e9ation d\u2019une voie douce et de quais bus en chauss\u00e9e r\u00e9tr\u00e9cie jusqu\u2019en ao\u00fbt\u00a02025. <strong>Fermeture<\/strong> du 6 au 12\u00a0ao\u00fbt avec d\u00e9viation par le boulevard de la Mulonni\u00e8re\u2009;<\/li>\n<li><strong>giratoire du Moulin-Br\u00fbl\u00e9 \u00e0 Sautron\u2009:<\/strong> travaux d\u2019am\u00e9nagement du carrefour avec circulation en alternant pour permettre la cr\u00e9ation de pistes cyclables et faire le lien entre la rue de Nantes et l\u2019axe magistral Nantes-Sautron. Mise en <strong>sens unique<\/strong> des rues de la Pentec\u00f4te et Brimberne depuis le giratoire et mise en place d\u2019une d\u00e9viation.<\/li>\n<\/ul>\n<p>Les axes ferm\u00e9s pour les travaux d\u2019eau et d\u2019assainissement<\/p>\n<ul class=\" wall-content\">\n<li><strong>Rue Marie-Curie (VM37) et rue Jeanne-d\u2019Arc \u00e0 Carquefou\u2009:<\/strong> travaux en <strong>rue barr\u00e9e<\/strong> de juillet \u00e0 octobre\u00a02025\u2009;<\/li>\n<li><strong>quai Magellan\u2009:<\/strong> travaux en <strong>sens unique<\/strong> du 24\u00a0f\u00e9vrier \u00e0 fin juin \/ boulevard Gaston-Doumergue en chauss\u00e9e r\u00e9tr\u00e9cie pendant cette p\u00e9riode\u2009;<\/li>\n<li><strong>rue Bel Air et rue V\u00e9ga \u00e0 Carquefou\u2009:<\/strong> travaux de r\u00e9novation du r\u00e9seau d\u2019assainissement <strong>fermeture de la voie par sections<\/strong> \u00e0 partir de l\u2019\u00e9t\u00e9 2025\u2009;<\/li>\n<li><strong>rue Jean-Jaur\u00e8s, rue des Ardillets et rue Fleurus \u00e0 Cou\u00ebron\u2009:<\/strong> travaux DCE (ASSAI +\u00a0AEP) avec <strong>route barr\u00e9e<\/strong> de juin \u00e0 fin ao\u00fbt\u00a02025\u2009;<\/li>\n<li><strong>boulevard Victor-Hugo\u2009:<\/strong> travaux de r\u00e9novation du r\u00e9seau d\u2019assainissement avec mise en place d\u2019un <strong>sens unique<\/strong> sud \u2013 nord sur le secteur sud du boulevard de mars \u00e0 novembre\u00a02025\u2009;<\/li>\n<li><strong>place du Repos-de-chasse et rue du Corps-de-Garde\u2009:<\/strong> r\u00e9novation du r\u00e9seau d\u2019assainissement et d\u2019eau du 22\u00a0avril au 20\u00a0juin en <strong>rue barr\u00e9e\u2009;<\/strong><\/li>\n<li><strong>boulevard G\u00e9n\u00e9ral-de-Gaulle \u00e0 Vertou\u2009:<\/strong> travaux de r\u00e9novation du r\u00e9seau d\u2019assainissement avec une <strong>rue barr\u00e9e<\/strong> de juillet \u00e0 octobre\u00a02025\u2009;<\/li>\n<li><strong>route de la Hilli\u00e8re \u00e0 Thouar\u00e9-sur-Loire\u2009:<\/strong> travaux d\u2019assainissement en <strong>route barr\u00e9e<\/strong> de juin \u00e0 d\u00e9cembre\u00a02025\u2009;<\/li>\n<li><strong>avenue du Bout-des-Landes\u2009:<\/strong> travaux de d\u00e9voiement du r\u00e9seau AEP avec<strong> route barr\u00e9e<\/strong> du 20\u00a0mai au 25\u00a0juin 2025\u2009;<\/li>\n<li><strong>avenue des Noieries \u00e0 La Chapelle-sur-Erdre\u2009:<\/strong> travaux de r\u00e9novation du r\u00e9seau d\u2019assainissement en<strong> route barr\u00e9e<\/strong> du 7\u00a0juillet au 29\u00a0ao\u00fbt 2025\u2009;<\/li>\n<li><strong>rue Saint-Domingue\u2009:<\/strong> travaux de r\u00e9seau AEP en marge de l\u2019am\u00e9nagement, <strong>rue barr\u00e9e et resserrement<\/strong> localis\u00e9 sur le quai Wilson \u00e0 l\u2019\u00e9t\u00e9 2025.<\/li>\n<\/ul>\n<p>Les axes ferm\u00e9s pour Entretien grosses r\u00e9parations (EGR)<\/p>\n<ul class=\" wall-content\">\n<li><strong>Boulevard Jean-Ingres\u2009:<\/strong> travaux en <strong>route barr\u00e9e<\/strong> du 1er au 25\u00a0juillet\u2009;<\/li>\n<li><strong>rue Pr\u00e9fet Bonnefoy\u2009:<\/strong> travaux en <strong>route barr\u00e9e<\/strong> du 15\u00a0juillet au 8\u00a0ao\u00fbt\u2009;<\/li>\n<li><strong>boulevard Guy-Mollet<\/strong> (section entre Fresche Blanc et Petit-Port)\u2009: travaux EGR en juillet (travaux de jour avec <strong>5 nuits en fermeture)\u2009;<\/strong><\/li>\n<li><strong>route de la Joneli\u00e8re<\/strong> (entre la rue de la Bourgeonni\u00e8re et le quai de la Joneli\u00e8re)\u2009: travaux EGR du 7\u00a0juillet au 15\u00a0ao\u00fbt avec <strong>fermeture<\/strong> du 11 au 15\u00a0ao\u00fbt\u2009;<\/li>\n<li><strong>porte de la Chapelle-sur-Erdre<\/strong> (giratoire de la Rivi\u00e8re)\u2009: travaux EGR de nuit avec fermeture du 4 au 8\u00a0ao\u00fbt\u2009;<\/li>\n<li><strong>avenue de la Pentec\u00f4te \u2013 giratoire Moulin Br\u00fbl\u00e9 \u00e0 Orvault\u2009:<\/strong> travaux d\u2019am\u00e9nagement de la voirie \u00e0 partir du 10\u00a0juin et jusqu\u2019\u00e0 fin septembre\u00a02025, avec alternat par feux en journ\u00e9e et <strong>fermeture 4 nuits<\/strong> fin ao\u00fbt.<\/li>\n<\/ul>\n<p>Axes ferm\u00e9s en raison de travaux sur le r\u00e9seau de chaleur<\/p>\n<ul class=\" wall-content\">\n<li><strong>Rue Descartes\u2009: <\/strong>travaux du 7\u00a0ao\u00fbt jusqu\u2019\u00e0 mi-septembre en <strong>route barr\u00e9e<\/strong> sauf riverains et cycles\u2009;<\/li>\n<li><strong>boulevard Gis\u00e8le-Halimi\u2009:<\/strong> travaux de d\u00e9voiement du r\u00e9seau pour les nouvelles lignes de tramway et d\u2019extension du r\u00e9seau du 2\u00a0juillet au 1er\u00a0ao\u00fbt. <strong>Fermeture du boulevard<\/strong> dans les deux sens pendant deux semaines entre le 15\u00a0juillet et le 1er\u00a0ao\u00fbt\u2009;<\/li>\n<li><strong>chemin de la Houssini\u00e8re\u2009:<\/strong> travaux du 23\u00a0juin au 21\u00a0juillet et du 28 au 30\u00a0juillet avec <strong>route barr\u00e9e<\/strong> sauf cycles et pi\u00e9tons\u2009;<\/li>\n<li><strong>rue Elie-Delaunay\u2009:<\/strong> travaux \u00e0 partir du 7\u00a0juillet en <strong>route barr\u00e9e\u2009;<\/strong><\/li>\n<li><strong>chemin Moulin de la Rousseli\u00e8re \u00e0 Saint-Herblain\u2009:<\/strong> raccordement du CHU Laennec avec fermeture de la voie \u00e0 l\u2019\u00e9t\u00e9 2025\u2009;<\/li>\n<li><strong>rue Condorcet\/avenue de la Priaut\u00e9 \u00e0 Nantes\u2009:<\/strong> travaux du 16\u00a0juin au 8\u00a0ao\u00fbt avec <strong>fermeture des voies\u2009;<\/strong><\/li>\n<li><strong>rue de Morlaix \u00e0 Saint-Herblain\u2009:<\/strong> raccordement de la r\u00e9sidence Aquitania sur juillet avec<strong> fermeture<\/strong> de la voie\u2009;<\/li>\n<li><strong>rue de la Mainguais \u00e0 Carquefou\u2009:<\/strong> travaux Enedis devant le lyc\u00e9e en route barr\u00e9e en juillet et ao\u00fbt.<\/li>\n<\/ul>\n<p>Autres travaux<\/p>\n<ul class=\" wall-content\">\n<li><strong>Rue Saint-Domingue\u2009: route barr\u00e9e<\/strong> jusqu\u2019\u00e0 fin juillet\u2009;<\/li>\n<li><strong>boulevard Charles-de-Gaulle, rue de la Johardi\u00e8re et rue du Charron \u00e0 Saint-Herblain\u2009:<\/strong> travaux PPI d\u2019am\u00e9nagement de voirie avec <strong>rue barr\u00e9e<\/strong> de juillet \u00e0 fin novembre\u00a02025\u2009;<\/li>\n<li><strong>rue de la Gare \u00e0 Bouaye\u2009:<\/strong> travaux en <strong>route ferm\u00e9e<\/strong> de mai \u00e0 d\u00e9cembre\u00a02025\u2009;<\/li>\n<li><strong>boulevard De Gaulle aux Sorini\u00e8res\u2009:<\/strong> travaux en <strong>rue barr\u00e9e<\/strong> de novembre\u00a02024 \u00e0 l\u2019\u00e9t\u00e9 2025\u2009;<\/li>\n<li><strong>place Mend\u00e8s-France\u2009:<\/strong> travaux d\u2019am\u00e9nagement avec <strong>fermeture dans les deux sens<\/strong> du boulevard Winston-Churchill\u2009;<\/li>\n<li><strong>rue du Moulin \u00e0 Huile \u00e0 Rez\u00e9\u2009:<\/strong> travaux d\u2019am\u00e9nagement avec mise en <strong>sens unique<\/strong> de la rue au second semestre 2025\u2009;<\/li>\n<li><strong>boulevard Becquerel\u2009:<\/strong> travaux en <strong>rue barr\u00e9e<\/strong> du 6 au 12\u00a0ao\u00fbt 2025\u2009;<\/li>\n<li><strong>pont de Chevir\u00e9\u2009:<\/strong> r\u00e9fection \u00e9tanch\u00e9it\u00e9, enrob\u00e9 sur pont PIVAZ et d\u00e9pose des cand\u00e9labres. Travaux pr\u00e9paratoires de nuits du 21 au 25\u00a0juillet en chauss\u00e9e r\u00e9tr\u00e9cie, puis travaux du 28\u00a0juillet \u00e0 10h au 1er\u00a0ao\u00fbt \u00e0 14h avec <strong>pont ferm\u00e9<\/strong> dans les deux sens (d\u00e9viation par itin\u00e9raire S1 &amp; S2).<\/li>\n<\/ul>\n<p class=\" wall-content\">Suivez toute l\u2019actualit\u00e9 de vos villes et m\u00e9dias favoris en vous inscrivant \u00e0 <a href=\"https:\/\/moncompte.actu.fr\" title=\"D\u00e9couvez Mon Actu\" rel=\"nofollow noopener\" data-trk=\"{&quot;cta&quot;:{&quot;action&quot;:&quot;https:\\\/\\\/moncompte.actu.fr&quot;,&quot;category&quot;:&quot;mon compte&quot;,&quot;from&quot;:&quot;article footer&quot;,&quot;name&quot;:&quot;Mon actu&quot;,&quot;type&quot;:&quot;cta&quot;}}\" target=\"_blank\">Mon Actu<\/a>.<\/p>\n","protected":false},"excerpt":{"rendered":"Par Cl\u00e9mence Pays Publi\u00e9 le 14 juil. 2025 \u00e0 8h32 Bien souvent, la Ville de Nantes profite du&hellip;\n","protected":false},"author":2,"featured_media":51779,"comment_status":"","ping_status":"","sticky":false,"template":"","format":"standard","meta":{"footnotes":""},"categories":[2818],"tags":[1111,11,1777,674,1011,27,766,12,2636,25,104,2086],"class_list":{"0":"post-248878","1":"post","2":"type-post","3":"status-publish","4":"format-standard","5":"has-post-thumbnail","7":"category-nantes","8":"tag-actu","9":"tag-actualites","10":"tag-eu","11":"tag-europe","12":"tag-fr","13":"tag-france","14":"tag-nantes","15":"tag-news","16":"tag-pays-de-la-loire","17":"tag-republique-francaise","18":"tag-societe","19":"tag-travaux"},"share_on_mastodon":{"url":"https:\/\/pubeurope.com\/@fr\/114850466582326769","error":""},"_links":{"self":[{"href":"https:\/\/www.europesays.com\/fr\/wp-json\/wp\/v2\/posts\/248878","targetHints":{"allow":["GET"]}}],"collection":[{"href":"https:\/\/www.europesays.com\/fr\/wp-json\/wp\/v2\/posts"}],"about":[{"href":"https:\/\/www.europesays.com\/fr\/wp-json\/wp\/v2\/types\/post"}],"author":[{"embeddable":true,"href":"https:\/\/www.europesays.com\/fr\/wp-json\/wp\/v2\/users\/2"}],"replies":[{"embeddable":true,"href":"https:\/\/www.europesays.com\/fr\/wp-json\/wp\/v2\/comments?post=248878"}],"version-history":[{"count":0,"href":"https:\/\/www.europesays.com\/fr\/wp-json\/wp\/v2\/posts\/248878\/revisions"}],"wp:featuredmedia":[{"embeddable":true,"href":"https:\/\/www.europesays.com\/fr\/wp-json\/wp\/v2\/media\/51779"}],"wp:attachment":[{"href":"https:\/\/www.europesays.com\/fr\/wp-json\/wp\/v2\/media?parent=248878"}],"wp:term":[{"taxonomy":"category","embeddable":true,"href":"https:\/\/www.europesays.com\/fr\/wp-json\/wp\/v2\/categories?post=248878"},{"taxonomy":"post_tag","embeddable":true,"href":"https:\/\/www.europesays.com\/fr\/wp-json\/wp\/v2\/tags?post=248878"}],"curies":[{"name":"wp","href":"https:\/\/api.w.org\/{rel}","templated":true}]}}