{"id":248879,"date":"2025-07-14T07:43:20","date_gmt":"2025-07-14T07:43:20","guid":{"rendered":"https:\/\/www.europesays.com\/fr\/248879\/"},"modified":"2025-07-14T07:43:20","modified_gmt":"2025-07-14T07:43:20","slug":"un-ancien-du-fc-nantes-arrive-dans-ce-club-de-football-de-loire-atlantique","status":"publish","type":"post","link":"https:\/\/www.europesays.com\/fr\/248879\/","title":{"rendered":"Un ancien du FC Nantes arrive dans ce club de football de Loire-Atlantique"},"content":{"rendered":"<p>            Par<br \/>\n        <strong><br \/>\n            <a href=\"https:\/\/actu.fr\/auteur\/journaliste-ehpg\" title=\"Consulter tous les articles de R\u00e9daction Gu\u00e9rande\" rel=\"nofollow noopener\" target=\"_blank\">R\u00e9daction Gu\u00e9rande<\/a><br \/>\n        <\/strong><\/p>\n<p>        Publi\u00e9 le<\/p>\n<p>            14 juil. 2025 \u00e0 9h00        <\/p>\n<p>Alors que les festivit\u00e9s pour les 25 ans du Football club de <a href=\"https:\/\/actu.fr\/pays-de-la-loire\/donges_44052\" rel=\"nofollow noopener\" target=\"_blank\">Donges<\/a> (Loire-Atlantique) viennent de se terminer, les dirigeants ont d\u00e9cid\u00e9 d\u2019op\u00e9rer un changement \u00e0 la t\u00eate du staff d\u2019entrainement. Ce sera Josselin Lebreton, ce passionn\u00e9 de foot \u00e2g\u00e9 de 36 ans n\u2019est pas inconnu dans le monde du football.<\/p>\n<p class=\" wall-content\">Titulaire du brevet d\u2019\u00e9ducateur de foot UEFA, il a derri\u00e8re lui une longue exp\u00e9rience professionnelle. \u00c9ducateur pour l\u2019\u00e9cole de football du <a href=\"https:\/\/actu.fr\/tag\/fc-nantes\" rel=\"nofollow noopener\" target=\"_blank\">FC Nantes<\/a> de 2017 \u00e0 2021 tout en continuant \u00e0 jouer \u00e0 l\u2019AC Saint-Brevin, il a ensuite entra\u00een\u00e9 l\u2019\u00e9quipe de foot de Pornic.<\/p>\n<p>Accompagner aussi les b\u00e9n\u00e9voles<\/p>\n<p class=\" wall-content\">Son exp\u00e9rience sera \u00e0 n\u2019en pas douter b\u00e9n\u00e9fique pour les footeux du <a href=\"https:\/\/www.dongesfootballclub.fr\/\" rel=\"nofollow noopener\" target=\"_blank\">FC Donges<\/a> assure le pr\u00e9sident S\u00e9bastien Poulain. \u00ab Son r\u00f4le consistera \u00e0 d\u00e9ployer un processus d\u2019\u00e9volution et de structurer les entra\u00eenements pour le d\u00e9veloppement du club, mais aussi \u00e0 accompagner tous les b\u00e9n\u00e9voles qui s\u2019impliquent au niveau du club, son expertise et ses connaissances g\u00e9n\u00e9rales du fonctionnement d\u2019un club, nous seront tr\u00e8s utiles \u00bb.<\/p>\n<p>Mieux rebondir<\/p>\n<p class=\" wall-content\">Dans la lettre de mission du nouvel entraineur, l\u2019animation de stages de foot pendant les vacances est aussi inscrite. Josselin Lebreton qui sera \u00e0 mi-temps \u00e0 Donges tout en continuant des missions au niveau du district annonce la couleur. \u00ab Il s\u2019agit de structurer ce club de pr\u00e8s de 500 licenci\u00e9s, ce sera la base avec l\u2019objectif que tous les pratiquants s\u2019entrainent et travaillent pour progresser tout en prenant du plaisir \u00bb.<\/p>\n<p class=\" wall-content\">L\u2019objectif de la nouvelle saison est d\u00e9sormais fix\u00e9, \u00eatre efficace et ambitieux pour mieux rebondir apr\u00e8s une ann\u00e9e en demi-teinte.<\/p>\n<p>Vid\u00e9os : en ce moment sur Actu<\/p>\n<p class=\" wall-content\">Suivez toute l\u2019actualit\u00e9 de vos villes et m\u00e9dias favoris en vous inscrivant \u00e0 <a href=\"https:\/\/moncompte.actu.fr\" title=\"D\u00e9couvez Mon Actu\" rel=\"nofollow noopener\" data-trk=\"{&quot;cta&quot;:{&quot;action&quot;:&quot;https:\\\/\\\/moncompte.actu.fr&quot;,&quot;category&quot;:&quot;mon compte&quot;,&quot;from&quot;:&quot;article footer&quot;,&quot;name&quot;:&quot;Mon actu&quot;,&quot;type&quot;:&quot;cta&quot;}}\" target=\"_blank\">Mon Actu<\/a>.<\/p>\n","protected":false},"excerpt":{"rendered":"Par R\u00e9daction Gu\u00e9rande Publi\u00e9 le 14 juil. 2025 \u00e0 9h00 Alors que les festivit\u00e9s pour les 25 ans&hellip;\n","protected":false},"author":2,"featured_media":248880,"comment_status":"","ping_status":"","sticky":false,"template":"","format":"standard","meta":{"footnotes":""},"categories":[2818],"tags":[1111,11,1777,674,462,63,1011,27,766,12,2636,25,517,60],"class_list":{"0":"post-248879","1":"post","2":"type-post","3":"status-publish","4":"format-standard","5":"has-post-thumbnail","7":"category-nantes","8":"tag-actu","9":"tag-actualites","10":"tag-eu","11":"tag-europe","12":"tag-fc-nantes","13":"tag-football","14":"tag-fr","15":"tag-france","16":"tag-nantes","17":"tag-news","18":"tag-pays-de-la-loire","19":"tag-republique-francaise","20":"tag-sport","21":"tag-sports"},"share_on_mastodon":{"url":"https:\/\/pubeurope.com\/@fr\/114850470456642430","error":""},"_links":{"self":[{"href":"https:\/\/www.europesays.com\/fr\/wp-json\/wp\/v2\/posts\/248879","targetHints":{"allow":["GET"]}}],"collection":[{"href":"https:\/\/www.europesays.com\/fr\/wp-json\/wp\/v2\/posts"}],"about":[{"href":"https:\/\/www.europesays.com\/fr\/wp-json\/wp\/v2\/types\/post"}],"author":[{"embeddable":true,"href":"https:\/\/www.europesays.com\/fr\/wp-json\/wp\/v2\/users\/2"}],"replies":[{"embeddable":true,"href":"https:\/\/www.europesays.com\/fr\/wp-json\/wp\/v2\/comments?post=248879"}],"version-history":[{"count":0,"href":"https:\/\/www.europesays.com\/fr\/wp-json\/wp\/v2\/posts\/248879\/revisions"}],"wp:featuredmedia":[{"embeddable":true,"href":"https:\/\/www.europesays.com\/fr\/wp-json\/wp\/v2\/media\/248880"}],"wp:attachment":[{"href":"https:\/\/www.europesays.com\/fr\/wp-json\/wp\/v2\/media?parent=248879"}],"wp:term":[{"taxonomy":"category","embeddable":true,"href":"https:\/\/www.europesays.com\/fr\/wp-json\/wp\/v2\/categories?post=248879"},{"taxonomy":"post_tag","embeddable":true,"href":"https:\/\/www.europesays.com\/fr\/wp-json\/wp\/v2\/tags?post=248879"}],"curies":[{"name":"wp","href":"https:\/\/api.w.org\/{rel}","templated":true}]}}