{"id":248883,"date":"2025-07-14T07:46:11","date_gmt":"2025-07-14T07:46:11","guid":{"rendered":"https:\/\/www.europesays.com\/fr\/248883\/"},"modified":"2025-07-14T07:46:11","modified_gmt":"2025-07-14T07:46:11","slug":"toulouse-dune-esplanade-bitumee-a-un-espace-vegetalise-ce-square-sest-transforme","status":"publish","type":"post","link":"https:\/\/www.europesays.com\/fr\/248883\/","title":{"rendered":"Toulouse. D&rsquo;une esplanade bitum\u00e9e \u00e0 un espace v\u00e9g\u00e9talis\u00e9 : ce square s&rsquo;est transform\u00e9"},"content":{"rendered":"<p>            Par<br \/>\n        <strong><br \/>\n            <a href=\"https:\/\/actu.fr\/auteur\/lea-afonso\" title=\"Consulter tous les articles de L\u00e9a Afonso\" rel=\"nofollow noopener\" target=\"_blank\">L\u00e9a Afonso<\/a><br \/>\n        <\/strong><\/p>\n<p>        Publi\u00e9 le<\/p>\n<p>            14 juil. 2025 \u00e0 9h02        <\/p>\n<p>De rond-point bitum\u00e9 \u00e0 square v\u00e9g\u00e9talis\u00e9, il n\u2019y a qu\u2019un pas \u00e0 <a href=\"https:\/\/actu.fr\/toulouse\/\" rel=\"nofollow noopener\" target=\"_blank\">Toulouse<\/a>\u2009! Alors si ces derni\u00e8res ann\u00e9es la Ville rose tend \u00e0 devenir de plus en plus verte, en ce d\u00e9but juillet, c\u2019est une toute nouvelle<strong> esplanade qui s\u2019est transform\u00e9e<\/strong> en jardin\u2009: le <strong>square des Fran\u00e7ais libres<\/strong>, situ\u00e9 \u00e0 la crois\u00e9e des All\u00e9es Fr\u00e9d\u00e9ric Mistral et des Demoiselles. Pr\u00e9sentations.<\/p>\n<p>Le nouveau visage de ce rond-point<\/p>\n<p class=\" wall-content\">All\u00e9es pi\u00e9tonnes, bancs en bois pour se reposer, pelouse fra\u00eechement plant\u00e9e, nouveaux arbres et m\u00eame une fontaine\u2026 Voici le nouveau visage des<strong> 4\u2009500 m\u00b2<\/strong> du square des Fran\u00e7ais libre situ\u00e9 \u00e0 tout juste deux pas du si renomm\u00e9 jardin des plantes.<\/p>\n<p class=\" wall-content\">Longtemps associ\u00e9 \u00e0 un terre-plein informe, o\u00f9 les pi\u00e9tons ne faisaient que passer, cet espace s\u2019ancre d\u00e9sormais dans une continuit\u00e9 du jardin voisin,<strong> plus v\u00e9g\u00e9talis\u00e9 et durable<\/strong> \u2014 avec tout de m\u00eame des axes de circulation qui l\u2019encadre \u2014. \u00ab\u2009Comme bon nombre de Toulousains qui habitent le quartier, on ne comprenait pas cette immense zone, cet espace b\u00e9tonn\u00e9 et \u00e7a nous pr\u00e9occupait. Il y avait un r\u00e9el <strong>d\u00e9sir d\u2019am\u00e9nagement<\/strong>\u2009\u00bb, soul\u00e8ve Jonnhy Dunal, maire de quartier.<\/p>\n<p>    <img   decoding=\"async\" loading=\"lazy\" src=\"https:\/\/www.europesays.com\/fr\/wp-content\/uploads\/2025\/07\/square-des-francais-libres-7-960x640.jpg\" alt=\"La fontaine anciennement install\u00e9e au c\u0153ur du square a \u00e9t\u00e9 conserv\u00e9e, apportant un point de fra\u00eecheur suppl\u00e9mentaire. \" width=\"960\" height=\"640\"\/><br \/>\n    La fontaine anciennement install\u00e9e au c\u0153ur du square a \u00e9t\u00e9 conserv\u00e9e, apportant un point de fra\u00eecheur suppl\u00e9mentaire. (\u00a9L\u00e9a Afonso \/ Actu Toulouse)<\/p>\n<p class=\" wall-content\">Un projet a alors \u00e9t\u00e9 fa\u00e7onn\u00e9 au moyen du dispositif de Toulouse M\u00e9tropole \u00ab\u2009Mes id\u00e9es pour mon quartier\u2009\u00bb. \u00ab\u2009Ainsi, les <strong>habitants<\/strong> ont pu <strong>donner leur avis<\/strong> et cr\u00e9er un square au mieux pour le quartier. C\u2019est aujourd\u2019hui devenu une <strong>zone<\/strong> \u00e0 part enti\u00e8re de <strong>passage et d\u00e9tente<\/strong>\u2009\u00bb, poursuit le maire.<\/p>\n<p>    <a href=\"https:\/\/www.google.com\/maps\/embed?pb=!1m14!1m12!1m3!1d303.74703730924256!2d1.4534354948358155!3d43.59102537935154!2m3!1f0!2f0!3f0!3m2!1i1024!2i768!4f13.1!5e0!3m2!1sfr!2sfr!4v1752054194863!5m2!1sfr!2sfr\" title=\"Ouvrie le lien\" rel=\"nofollow noopener\" target=\"_blank\">Cliquez ici pour visualiser le contenu<\/a><\/p>\n<p>La ressource en eau au c\u0153ur du projet<\/p>\n<p class=\" wall-content\">\u00ab\u2009Avec ce projet, je n\u2019ai pas voulu me presser pour le r\u00e9aliser. On ne pouvait pas investir juste pour quelque chose de \u2018beau\u2019. Il a fallu penser aux <strong>enjeux du r\u00e9chauffement climatique et \u00e0 la ressource en eau<\/strong>\u2009\u00bb, continu Jonnhy Dunal.<\/p>\n<p class=\" wall-content\">Tout a ainsi \u00e9t\u00e9 pens\u00e9\u2009: \u00ab\u2009une zone tr\u00e8s verte, avec du bitume enlev\u00e9, gratt\u00e9, pour se rapprocher au plus proche de la terre. Mais aussi un <strong>sol<\/strong> l\u00e9g\u00e8rement en pente<strong> pour que l\u2019eau se d\u00e9verse<\/strong> en souterrain et <strong>stagne<\/strong> quelque peu.\u00a0Pendant des ann\u00e9es, on avait des logiques non adapt\u00e9es \u00e0 la ressource en eau. Avant, on \u00e9vacuait l\u2019eau de pluie, tandis que maintenant, dans les nouveaux am\u00e9nagements,<strong> on veut la garder dans le sol, pour hydrater les v\u00e9g\u00e9taux<\/strong>\u2009\u00bb.<\/p>\n<p>    <img   decoding=\"async\" loading=\"lazy\" src=\"https:\/\/www.europesays.com\/fr\/wp-content\/uploads\/2025\/07\/square-des-francais-libres-6-960x640.jpg\" alt=\"Au sol, des petits graviers permettent \u00e0 l'eau de pluie d'\u00eatre conserv\u00e9e. \" width=\"960\" height=\"640\"\/><br \/>\n    Au sol, des petits graviers permettent \u00e0 l\u2019eau de pluie d\u2019\u00eatre conserv\u00e9e. (\u00a9L\u00e9a Afonso \/ Actu Toulouse)<\/p>\n<p class=\" wall-content\">Un cheminement avec un rev\u00eatement de sol pas tout \u00e0 fait perm\u00e9able \u2014 des milliers de petits cailloux \u2014 a ainsi \u00e9t\u00e9 install\u00e9 pour permettre \u00e0 l\u2019eau de s\u2019ins\u00e9rer dans le sol.<\/p>\n<p>Un million d\u2019euros investit<\/p>\n<p class=\" wall-content\">Alors pour r\u00e9aliser ce projet, la mairie a profit\u00e9 de l\u2019enveloppe des<strong> 250\u2009000\u00a0\u20ac<\/strong> d\u00e9di\u00e9e \u00e0 \u00ab\u2009Mes id\u00e9es pour mon quartier\u2009\u00bb, mais elle ne s\u2019est pas arr\u00eat\u00e9e l\u00e0. \u00ab\u2009Comme nous avons voulu \u00eatre plus ambitieux, avec un am\u00e9nagement plus durable, cela nous a co\u00fbt\u00e9 <strong>un million d\u2019euros<\/strong>\u2009\u00bb, termine le maire de quartier.<\/p>\n<p class=\" wall-content\">Suivez toute l\u2019actualit\u00e9 de vos villes et m\u00e9dias favoris en vous inscrivant \u00e0 <a href=\"https:\/\/moncompte.actu.fr\" title=\"D\u00e9couvez Mon Actu\" rel=\"nofollow noopener\" data-trk=\"{&quot;cta&quot;:{&quot;action&quot;:&quot;https:\\\/\\\/moncompte.actu.fr&quot;,&quot;category&quot;:&quot;mon compte&quot;,&quot;from&quot;:&quot;article footer&quot;,&quot;name&quot;:&quot;Mon actu&quot;,&quot;type&quot;:&quot;cta&quot;}}\" target=\"_blank\">Mon Actu<\/a>.<\/p>\n","protected":false},"excerpt":{"rendered":"Par L\u00e9a Afonso Publi\u00e9 le 14 juil. 2025 \u00e0 9h02 De rond-point bitum\u00e9 \u00e0 square v\u00e9g\u00e9talis\u00e9, il n\u2019y&hellip;\n","protected":false},"author":2,"featured_media":248884,"comment_status":"","ping_status":"","sticky":false,"template":"","format":"standard","meta":{"footnotes":""},"categories":[2816],"tags":[1111,11,436,1777,674,1011,27,12,2680,25,104,2312,1352],"class_list":{"0":"post-248883","1":"post","2":"type-post","3":"status-publish","4":"format-standard","5":"has-post-thumbnail","7":"category-toulouse","8":"tag-actu","9":"tag-actualites","10":"tag-environnement","11":"tag-eu","12":"tag-europe","13":"tag-fr","14":"tag-france","15":"tag-news","16":"tag-occitanie","17":"tag-republique-francaise","18":"tag-societe","19":"tag-toulouse","20":"tag-urbanisme"},"share_on_mastodon":{"url":"https:\/\/pubeurope.com\/@fr\/114850482504250540","error":""},"_links":{"self":[{"href":"https:\/\/www.europesays.com\/fr\/wp-json\/wp\/v2\/posts\/248883","targetHints":{"allow":["GET"]}}],"collection":[{"href":"https:\/\/www.europesays.com\/fr\/wp-json\/wp\/v2\/posts"}],"about":[{"href":"https:\/\/www.europesays.com\/fr\/wp-json\/wp\/v2\/types\/post"}],"author":[{"embeddable":true,"href":"https:\/\/www.europesays.com\/fr\/wp-json\/wp\/v2\/users\/2"}],"replies":[{"embeddable":true,"href":"https:\/\/www.europesays.com\/fr\/wp-json\/wp\/v2\/comments?post=248883"}],"version-history":[{"count":0,"href":"https:\/\/www.europesays.com\/fr\/wp-json\/wp\/v2\/posts\/248883\/revisions"}],"wp:featuredmedia":[{"embeddable":true,"href":"https:\/\/www.europesays.com\/fr\/wp-json\/wp\/v2\/media\/248884"}],"wp:attachment":[{"href":"https:\/\/www.europesays.com\/fr\/wp-json\/wp\/v2\/media?parent=248883"}],"wp:term":[{"taxonomy":"category","embeddable":true,"href":"https:\/\/www.europesays.com\/fr\/wp-json\/wp\/v2\/categories?post=248883"},{"taxonomy":"post_tag","embeddable":true,"href":"https:\/\/www.europesays.com\/fr\/wp-json\/wp\/v2\/tags?post=248883"}],"curies":[{"name":"wp","href":"https:\/\/api.w.org\/{rel}","templated":true}]}}