{"id":248887,"date":"2025-07-14T07:50:08","date_gmt":"2025-07-14T07:50:08","guid":{"rendered":"https:\/\/www.europesays.com\/fr\/248887\/"},"modified":"2025-07-14T07:50:08","modified_gmt":"2025-07-14T07:50:08","slug":"la-start-up-marseillaise-cabotin-and-co-relooke-les-teckels-et-leurs-humains","status":"publish","type":"post","link":"https:\/\/www.europesays.com\/fr\/248887\/","title":{"rendered":"La start-up marseillaise Cabotin and co relooke les teckels et leurs humains"},"content":{"rendered":"<p>Inspir\u00e9e par le soleil, les couleurs du Sud et l\u2019art de vivre marseillais, la start-up Cabotin and co lance ses activit\u00e9s avec des produits pens\u00e9s pour <a href=\"https:\/\/www.laprovence.com\/article\/france-monde\/4499595731846414\/un-teckel-retrouve-apres-une-fugue-de-529-jours-en-australie\" target=\"_blank\" rel=\"noopener\">les teckels<\/a> et leurs \u00ab\u00a0dog parents\u00a0\u00bb.<\/p>\n<p>\u00ab\u00a0On n\u2019a pas seulement l\u2019ambition de cr\u00e9er une marque. On veut cr\u00e9er une communaut\u00e9, une start-up pour l\u2019univers du teckel\u00a0\u00bb, affirment Alice Abitbol et Alexandra Rous &#8211; les fondatrices de la marque. Leurs cr\u00e9atures \u00e0 4 pattes sur les genoux, elles se souviennent de leur rencontre, et des racines de leur marque, \u00ab\u00a0On s\u2019est rencontr\u00e9 au <a href=\"https:\/\/www.laprovence.com\/article\/region\/19946955896719\/marseille-les-defenseurs-du-parc-henri-fabre-gagnent-une-premiere-bataille-contre-le-projet-immobilier-de-sifer\" target=\"_blank\" rel=\"noopener\">parc Henri-Fabre<\/a> (8e). Tr\u00e8s vite, on s\u2019est retrouv\u00e9 pour des balades avec nos saucisses\u00a0\u00bb.<\/p>\n<p>Apr\u00e8s avoir cr\u00e9\u00e9 un groupe WhatsApp d\u2019\u00e9change pour organiser des sorties et partager des conseils &#8211; rassemblant plus de 300 personnes sur <a href=\"https:\/\/www.laprovence.com\/bouches-du-rhone\/marseille-13055\" target=\"_blank\" rel=\"noopener\">Marseille<\/a> &#8211; les deux jeunes femmes ont rapidement voulu d\u00e9velopper des accessoires. \u00ab\u00a0Les teckels sont tellement uniques, que dans le march\u00e9 des accessoires canins, c\u2019est soit trop court soit trop grand pour eux.\u00a0\u00bb explique Alice.<\/p>\n","protected":false},"excerpt":{"rendered":"Inspir\u00e9e par le soleil, les couleurs du Sud et l\u2019art de vivre marseillais, la start-up Cabotin and co&hellip;\n","protected":false},"author":2,"featured_media":248888,"comment_status":"","ping_status":"","sticky":false,"template":"","format":"standard","meta":{"footnotes":""},"categories":[2814],"tags":[17,1111,11,35457,38909,33,1777,674,1011,27,151,11989,884,12,882,38910,25,675,38911],"class_list":{"0":"post-248887","1":"post","2":"type-post","3":"status-publish","4":"format-standard","5":"has-post-thumbnail","7":"category-marseille","8":"tag-17","9":"tag-actu","10":"tag-actualites","11":"tag-and","12":"tag-cabotin","13":"tag-economie","14":"tag-eu","15":"tag-europe","16":"tag-fr","17":"tag-france","18":"tag-les","19":"tag-marseillaise","20":"tag-marseille","21":"tag-news","22":"tag-provence-alpes-cote-dazur","23":"tag-relooke","24":"tag-republique-francaise","25":"tag-start-up","26":"tag-teckels"},"share_on_mastodon":{"url":"https:\/\/pubeurope.com\/@fr\/114850498047605220","error":""},"_links":{"self":[{"href":"https:\/\/www.europesays.com\/fr\/wp-json\/wp\/v2\/posts\/248887","targetHints":{"allow":["GET"]}}],"collection":[{"href":"https:\/\/www.europesays.com\/fr\/wp-json\/wp\/v2\/posts"}],"about":[{"href":"https:\/\/www.europesays.com\/fr\/wp-json\/wp\/v2\/types\/post"}],"author":[{"embeddable":true,"href":"https:\/\/www.europesays.com\/fr\/wp-json\/wp\/v2\/users\/2"}],"replies":[{"embeddable":true,"href":"https:\/\/www.europesays.com\/fr\/wp-json\/wp\/v2\/comments?post=248887"}],"version-history":[{"count":0,"href":"https:\/\/www.europesays.com\/fr\/wp-json\/wp\/v2\/posts\/248887\/revisions"}],"wp:featuredmedia":[{"embeddable":true,"href":"https:\/\/www.europesays.com\/fr\/wp-json\/wp\/v2\/media\/248888"}],"wp:attachment":[{"href":"https:\/\/www.europesays.com\/fr\/wp-json\/wp\/v2\/media?parent=248887"}],"wp:term":[{"taxonomy":"category","embeddable":true,"href":"https:\/\/www.europesays.com\/fr\/wp-json\/wp\/v2\/categories?post=248887"},{"taxonomy":"post_tag","embeddable":true,"href":"https:\/\/www.europesays.com\/fr\/wp-json\/wp\/v2\/tags?post=248887"}],"curies":[{"name":"wp","href":"https:\/\/api.w.org\/{rel}","templated":true}]}}