{"id":248889,"date":"2025-07-14T07:51:13","date_gmt":"2025-07-14T07:51:13","guid":{"rendered":"https:\/\/www.europesays.com\/fr\/248889\/"},"modified":"2025-07-14T07:51:13","modified_gmt":"2025-07-14T07:51:13","slug":"marseille-signe-pladi-nzinga-pambani","status":"publish","type":"post","link":"https:\/\/www.europesays.com\/fr\/248889\/","title":{"rendered":"Marseille signe Pladi N\u2019Zinga Pambani"},"content":{"rendered":"<p style=\"text-align: justify;\"><strong>TRANSFERTS \u2013 Selon <a href=\"https:\/\/www.lequipe.fr\/Football\/Actualites\/Le-jeune-defenseur-montpellierain-pladi-n-zinga-pambani-va-signer-a-marseille\/1577754\" target=\"_blank\" rel=\"noopener\">L\u2019\u00c9quipe<\/a>, l\u2019Olympique de Marseille a obtenu la signature du jeune Pladi N\u2019Zinga Pambani (Montpellier). <\/strong><\/p>\n<p style=\"text-align: justify;\">\u00c0 Marseille, les prochains jours vont \u00eatre d\u00e9cisifs pour la finalisation de plusieurs dossiers chauds. <strong>Pierre-Emerick Aubameyang<\/strong> est tout proche d\u2019un retour au club apr\u00e8s une saison en Arabie Saoudite, alors que <strong>Timothy<\/strong> <strong>Weah<\/strong> est aussi attendu dans les jours \u00e0 venir. L\u2019<strong>OM<\/strong> est aussi toujours en qu\u00eate d\u2019un ailier gauche, et a notamment sond\u00e9 <strong>Malick<\/strong> <strong>Fofana<\/strong>.<\/p>\n<p>Pladi N\u2019Zinga Pambani passe pro avec l\u2019OM<\/p>\n<p style=\"text-align: justify;\">Parall\u00e8lement au recrutement pour renforcer l\u2019\u00e9quipe premi\u00e8re, l\u2019<strong>OM<\/strong> travaille aussi activement au recrutement de tr\u00e8s jeunes joueurs qui terminent leur formation. Il y a quelques semaines, le club phoc\u00e9en a annonc\u00e9 la signature de <strong>Fod\u00e9<\/strong> <strong>Camara<\/strong> et <strong>F\u00e9lix<\/strong> <strong>Bienck<\/strong>. Les deux d\u00e9fenseurs feront leurs classes avec l\u2019\u00e9quipe r\u00e9serve avant de rejoindre l\u2019\u00e9quipe premi\u00e8re.<\/p>\n<p style=\"text-align: justify;\">Et l\u2019<strong>Olympique de Marseille<\/strong> a d\u00e9cid\u00e9 de continuer \u00e0 se renforcer dans le secteur d\u00e9fensif puisque <strong>Pladi N\u2019Zinga Pambani<\/strong> va signer son premier contrat professionnel avec les Olympiens. N\u00e9 en banlieue parisienne, il a fait sa formation \u00e0 Montpellier et est pass\u00e9 par les \u00e9quipes de France U16 et U17. Il va s\u2019engager pour trois ans avec l\u2019<strong>OM<\/strong>.<\/p>\n<p>\u00c0 ce sujet<br \/>\n<a href=\"https:\/\/dicodusport.fr\/blog\/mercato-om-2025-2026-le-tableau-complet-des-transferts-arrivees-et-departs\/\" class=\"vlp-link\" title=\"Mercato OM 2025-2026 : Le tableau complet des transferts, arriv\u00e9es et d\u00e9parts\" target=\"_blank\" rel=\"noopener\"><img loading=\"lazy\" decoding=\"async\" style=\"max-width: 792px;\" width=\"792\" height=\"445\" class=\"attachment-800x445 size-800x445 perfmatters-lazy\" alt=\"Mercato OM 2025-2026 Le tableau complet des transferts, arriv\u00e9es et d\u00e9parts\" src=\"https:\/\/www.europesays.com\/fr\/wp-content\/uploads\/2025\/06\/Mercato-OM-2025-2026-Le-tableau-complet-des-transferts-arrivees-et-departs.png\"  data-\/><\/p>\n<p>Mercato OM 2025-2026 : Le tableau complet des transferts, arriv\u00e9es et d\u00e9parts<\/p>\n<p>TRANSFERTS OM &#8211; Retrouvez tous les mouvements de l&rsquo;Olympique de Marseille pour l&rsquo;intersaison 2025 en Ligue 1. Arriv\u00e9es, d\u00e9part, pr\u00eats, transferts d\u00e9finitifs, ne ratez rien du mercato estival.\u00a0<\/p>\n<p>Lire l&rsquo;article<\/p>\n<p>dicodusport.fr<\/p>\n","protected":false},"excerpt":{"rendered":"TRANSFERTS \u2013 Selon L\u2019\u00c9quipe, l\u2019Olympique de Marseille a obtenu la signature du jeune Pladi N\u2019Zinga Pambani (Montpellier). \u00c0&hellip;\n","protected":false},"author":2,"featured_media":248890,"comment_status":"","ping_status":"","sticky":false,"template":"","format":"standard","meta":{"footnotes":""},"categories":[2814],"tags":[1111,11,2113,1777,674,1011,27,884,35942,12,149,882,25],"class_list":{"0":"post-248889","1":"post","2":"type-post","3":"status-publish","4":"format-standard","5":"has-post-thumbnail","7":"category-marseille","8":"tag-actu","9":"tag-actualites","10":"tag-breve","11":"tag-eu","12":"tag-europe","13":"tag-fr","14":"tag-france","15":"tag-marseille","16":"tag-mercatom","17":"tag-news","18":"tag-om","19":"tag-provence-alpes-cote-dazur","20":"tag-republique-francaise"},"share_on_mastodon":{"url":"https:\/\/pubeurope.com\/@fr\/114850502158112560","error":""},"_links":{"self":[{"href":"https:\/\/www.europesays.com\/fr\/wp-json\/wp\/v2\/posts\/248889","targetHints":{"allow":["GET"]}}],"collection":[{"href":"https:\/\/www.europesays.com\/fr\/wp-json\/wp\/v2\/posts"}],"about":[{"href":"https:\/\/www.europesays.com\/fr\/wp-json\/wp\/v2\/types\/post"}],"author":[{"embeddable":true,"href":"https:\/\/www.europesays.com\/fr\/wp-json\/wp\/v2\/users\/2"}],"replies":[{"embeddable":true,"href":"https:\/\/www.europesays.com\/fr\/wp-json\/wp\/v2\/comments?post=248889"}],"version-history":[{"count":0,"href":"https:\/\/www.europesays.com\/fr\/wp-json\/wp\/v2\/posts\/248889\/revisions"}],"wp:featuredmedia":[{"embeddable":true,"href":"https:\/\/www.europesays.com\/fr\/wp-json\/wp\/v2\/media\/248890"}],"wp:attachment":[{"href":"https:\/\/www.europesays.com\/fr\/wp-json\/wp\/v2\/media?parent=248889"}],"wp:term":[{"taxonomy":"category","embeddable":true,"href":"https:\/\/www.europesays.com\/fr\/wp-json\/wp\/v2\/categories?post=248889"},{"taxonomy":"post_tag","embeddable":true,"href":"https:\/\/www.europesays.com\/fr\/wp-json\/wp\/v2\/tags?post=248889"}],"curies":[{"name":"wp","href":"https:\/\/api.w.org\/{rel}","templated":true}]}}