{"id":248891,"date":"2025-07-14T07:52:13","date_gmt":"2025-07-14T07:52:13","guid":{"rendered":"https:\/\/www.europesays.com\/fr\/248891\/"},"modified":"2025-07-14T07:52:13","modified_gmt":"2025-07-14T07:52:13","slug":"le-detenu-interpelle-ce-lundi-matin-au-nord-de-lyon","status":"publish","type":"post","link":"https:\/\/www.europesays.com\/fr\/248891\/","title":{"rendered":"le d\u00e9tenu interpell\u00e9 ce lundi matin au nord de Lyon"},"content":{"rendered":"<p>Le parquet de Lyon a communiqu\u00e9 l&rsquo;information t\u00f4t ce lundi 14 juillet.\u00a0<\/p>\n<p>L\u2019homme qui s\u2019\u00e9tait \u00e9vad\u00e9 de la maison d\u2019arr\u00eat de Corbas vendredi 11 juillet a \u00e9t\u00e9 interpell\u00e9 ce matin, aux alentours de 6 heures, sortant d\u2019une cave de Sathonay Camp.<\/p>\n<p>Elyazid Ahamada avait tromp\u00e9 la vigilance de tout le monde en se glissant <a href=\"https:\/\/www.leprogres.fr\/faits-divers-justice\/2025\/07\/12\/un-detenu-s-evade-de-la-maison-d-arret-de-lyon-corbas\" target=\"_blank\" rel=\"noopener\">dans le sac de sport de son co-d\u00e9tenu lib\u00e9rable<\/a>.<\/p>\n<p>Ce contenu est bloqu\u00e9 car vous n&rsquo;avez pas accept\u00e9 les cookies et autres traceurs.<\/p>\n<p>En cliquant sur \u00ab J\u2019accepte \u00bb, les cookies et autres traceurs seront d\u00e9pos\u00e9s et vous pourrez visualiser les contenus  (<a href=\"\" class=\"consentModule_policy\" target=\"_blank\" title=\"Consulter la politique de protection des donn\u00e9es du fournisseur\">plus d&rsquo;informations<\/a>).<\/p>\n<p>En cliquant sur \u00ab J\u2019accepte tous les cookies \u00bb, vous autorisez des d\u00e9p\u00f4ts de cookies et autres traceurs pour le stockage de vos donn\u00e9es sur nos sites et applications \u00e0 des fins de personnalisation et de ciblage publicitaire.<\/p>\n<p class=\"consentModule_secondaryText\">Vous gardez la possibilit\u00e9 de retirer votre consentement \u00e0 tout moment en consultant notre <a href=\"https:\/\/www.leprogres.fr\/protection-des-donnees\" target=\"_blank\" title=\"Consulter notre politique de protection des donn\u00e9es\" rel=\"noopener\">politique de protection des donn\u00e9es<\/a>. <br \/>&#13;<br \/>\n            <a href=\"https:\/\/www.leprogres.fr\/faits-divers-justice\/2025\/07\/14\/javascript:Didomi.notice.show()\" class=\"consentModule_cmp\" target=\"_blank\" rel=\"noopener\">G\u00e9rer mes choix<\/a>&#13;\n        <\/p>\n<p>&#13;<br \/>\n                        J&rsquo;accepte&#13;<br \/>\n            J&rsquo;accepte tous les cookies&#13;\n        <\/p>\n<p>  Le d\u00e9tenu est actuellement en garde \u00e0 vue<\/p>\n<p>D\u00e9tenu pour meurtre en bande organis\u00e9e et infraction \u00e0 la l\u00e9gislation sur les armes, dans le cadre d\u2019une information judiciaire ouverte \u00e0 la JIRS de Paris,\u00a0Elyazid Ahamada \u00e9tait\u00a0activement recherch\u00e9 et faisait l\u2019objet, depuis dimanche 13 juillet, d\u2019une notice rouge Interpol.<\/p>\n<p>L\u2019interpellation de ce lundi matin a \u00e9t\u00e9 r\u00e9alis\u00e9e par l\u2019OCLCO (brigade de recherche des fugitifs) et la DCOS 69 sur la base d\u2019un mandat de recherche \u00e9mis par le parquet de Lyon.<\/p>\n<p>\u00ab\u00a0Personne n\u2019a \u00e9t\u00e9 bless\u00e9, communique le parquet de Lyon, le mis en cause est actuellement en garde \u00e0 vue des chefs d\u2019\u00e9vasion en bande organis\u00e9e et participation \u00e0 une association de malfaiteurs\u00a0\u00bb.<\/p>\n<p>  Le complice toujours en fuite<\/p>\n<p>Son complice n\u2019\u00e9tait pas avec lui et n\u2019a pas encore \u00e9t\u00e9 interpell\u00e9.<\/p>\n","protected":false},"excerpt":{"rendered":"Le parquet de Lyon a communiqu\u00e9 l&rsquo;information t\u00f4t ce lundi 14 juillet.\u00a0 L\u2019homme qui s\u2019\u00e9tait \u00e9vad\u00e9 de la&hellip;\n","protected":false},"author":2,"featured_media":248892,"comment_status":"","ping_status":"","sticky":false,"template":"","format":"standard","meta":{"footnotes":""},"categories":[1889],"tags":[1111,11,2430,24503,3152,2757,3153,1777,674,274,107,1011,27,2428,12,25,2429,38912],"class_list":{"0":"post-248891","1":"post","2":"type-post","3":"status-publish","4":"format-standard","5":"has-post-thumbnail","7":"category-lyon","8":"tag-actu","9":"tag-actualites","10":"tag-auvergne-rhone-alpes","11":"tag-corbas","12":"tag-edition-est-lyonnais","13":"tag-edition-lyon-villeurbanne","14":"tag-edition-ouest-lyonnais","15":"tag-eu","16":"tag-europe","17":"tag-faits-divers-justice","18":"tag-fil-info","19":"tag-fr","20":"tag-france","21":"tag-lyon","22":"tag-news","23":"tag-republique-francaise","24":"tag-rhone","25":"tag-sathonay-camp"},"share_on_mastodon":{"url":"https:\/\/pubeurope.com\/@fr\/114850505888967582","error":""},"_links":{"self":[{"href":"https:\/\/www.europesays.com\/fr\/wp-json\/wp\/v2\/posts\/248891","targetHints":{"allow":["GET"]}}],"collection":[{"href":"https:\/\/www.europesays.com\/fr\/wp-json\/wp\/v2\/posts"}],"about":[{"href":"https:\/\/www.europesays.com\/fr\/wp-json\/wp\/v2\/types\/post"}],"author":[{"embeddable":true,"href":"https:\/\/www.europesays.com\/fr\/wp-json\/wp\/v2\/users\/2"}],"replies":[{"embeddable":true,"href":"https:\/\/www.europesays.com\/fr\/wp-json\/wp\/v2\/comments?post=248891"}],"version-history":[{"count":0,"href":"https:\/\/www.europesays.com\/fr\/wp-json\/wp\/v2\/posts\/248891\/revisions"}],"wp:featuredmedia":[{"embeddable":true,"href":"https:\/\/www.europesays.com\/fr\/wp-json\/wp\/v2\/media\/248892"}],"wp:attachment":[{"href":"https:\/\/www.europesays.com\/fr\/wp-json\/wp\/v2\/media?parent=248891"}],"wp:term":[{"taxonomy":"category","embeddable":true,"href":"https:\/\/www.europesays.com\/fr\/wp-json\/wp\/v2\/categories?post=248891"},{"taxonomy":"post_tag","embeddable":true,"href":"https:\/\/www.europesays.com\/fr\/wp-json\/wp\/v2\/tags?post=248891"}],"curies":[{"name":"wp","href":"https:\/\/api.w.org\/{rel}","templated":true}]}}