{"id":248910,"date":"2025-07-14T08:04:10","date_gmt":"2025-07-14T08:04:10","guid":{"rendered":"https:\/\/www.europesays.com\/fr\/248910\/"},"modified":"2025-07-14T08:04:10","modified_gmt":"2025-07-14T08:04:10","slug":"lallemagne-idiote-utile-des-strategies-dinfluence-derdogan-en-europe","status":"publish","type":"post","link":"https:\/\/www.europesays.com\/fr\/248910\/","title":{"rendered":"L\u2019Allemagne, idiote utile des strat\u00e9gies d\u2019influence d\u2019Erdogan en Europe"},"content":{"rendered":"<p>Turquie<\/p>\n<p>De la DITIB aux 900 mosqu\u00e9es jusqu\u2019au parti DAVA lanc\u00e9 en 2023, les organisations li\u00e9es \u00e0 l\u2019AKP tissent en Allemagne un maillage politique et religieux toujours plus dense. Soutenu par quelque 65 % des \u00e9lecteurs turcs outre-Rhin, Erdo\u011fan y promeut ses positions anti-kurdes et anti-isra\u00e9liennes, profitant d\u2019un personnel politique allemand souvent silencieux ou accommodant. La nouvelle loi sur la citoyennet\u00e9 promet d\u2019\u00e9largir encore ce vivier \u00e9lectoral, tandis que les symboles kurdes restent interdits et que les drapeaux pro-Hamas fleurissent sur les campus. Face \u00e0 cette offensive d\u2019influence, seule une prise de position ferme en faveur des valeurs occidentales \u2013 et des alli\u00e9s kurdes et isra\u00e9liens \u2013 pourrait enrayer l\u2019ascendant d\u2019Ankara.<\/p>\n","protected":false},"excerpt":{"rendered":"Turquie De la DITIB aux 900 mosqu\u00e9es jusqu\u2019au parti DAVA lanc\u00e9 en 2023, les organisations li\u00e9es \u00e0 l\u2019AKP&hellip;\n","protected":false},"author":2,"featured_media":248911,"comment_status":"","ping_status":"","sticky":false,"template":"","format":"standard","meta":{"footnotes":""},"categories":[1587],"tags":[11,672,1804,1805,1803,1777,674,1801,5318,664,38913,12,3497,1802,3496],"class_list":{"0":"post-248910","1":"post","2":"type-post","3":"status-publish","4":"format-standard","5":"has-post-thumbnail","7":"category-allemagne","8":"tag-actualites","9":"tag-allemagne","10":"tag-bundesrepublik-deutschland","11":"tag-de","12":"tag-deutschland","13":"tag-eu","14":"tag-europe","15":"tag-germany","16":"tag-islam","17":"tag-israel","18":"tag-kurdes","19":"tag-news","20":"tag-recep-tayyip-erdogan","21":"tag-republique-federale-dallemagne","22":"tag-turquie"},"share_on_mastodon":{"url":"https:\/\/pubeurope.com\/@fr\/114850553076610246","error":""},"_links":{"self":[{"href":"https:\/\/www.europesays.com\/fr\/wp-json\/wp\/v2\/posts\/248910","targetHints":{"allow":["GET"]}}],"collection":[{"href":"https:\/\/www.europesays.com\/fr\/wp-json\/wp\/v2\/posts"}],"about":[{"href":"https:\/\/www.europesays.com\/fr\/wp-json\/wp\/v2\/types\/post"}],"author":[{"embeddable":true,"href":"https:\/\/www.europesays.com\/fr\/wp-json\/wp\/v2\/users\/2"}],"replies":[{"embeddable":true,"href":"https:\/\/www.europesays.com\/fr\/wp-json\/wp\/v2\/comments?post=248910"}],"version-history":[{"count":0,"href":"https:\/\/www.europesays.com\/fr\/wp-json\/wp\/v2\/posts\/248910\/revisions"}],"wp:featuredmedia":[{"embeddable":true,"href":"https:\/\/www.europesays.com\/fr\/wp-json\/wp\/v2\/media\/248911"}],"wp:attachment":[{"href":"https:\/\/www.europesays.com\/fr\/wp-json\/wp\/v2\/media?parent=248910"}],"wp:term":[{"taxonomy":"category","embeddable":true,"href":"https:\/\/www.europesays.com\/fr\/wp-json\/wp\/v2\/categories?post=248910"},{"taxonomy":"post_tag","embeddable":true,"href":"https:\/\/www.europesays.com\/fr\/wp-json\/wp\/v2\/tags?post=248910"}],"curies":[{"name":"wp","href":"https:\/\/api.w.org\/{rel}","templated":true}]}}