{"id":248912,"date":"2025-07-14T08:05:11","date_gmt":"2025-07-14T08:05:11","guid":{"rendered":"https:\/\/www.europesays.com\/fr\/248912\/"},"modified":"2025-07-14T08:05:11","modified_gmt":"2025-07-14T08:05:11","slug":"leurope-ouvre-dans-le-rouge-les-craintes-commerciales-pesent-14-07-2025-a-0947","status":"publish","type":"post","link":"https:\/\/www.europesays.com\/fr\/248912\/","title":{"rendered":"L&rsquo;Europe ouvre dans le rouge, les craintes commerciales p\u00e8sent &#8211; 14\/07\/2025 \u00e0 09:47"},"content":{"rendered":"<p>        <img fetchpriority=\"high\" decoding=\"async\" src=\"https:\/\/www.europesays.com\/fr\/wp-content\/uploads\/2025\/07\/be6fd06acad1c42cc526bc771d553eac-760x471.jpg\" alt=\"Un trader \u00e0 la bourse de Francfort\" loading=\"eager\" width=\"760\" height=\"471\" style=\"max-width: 100%!important; height: auto;\"\/><\/p>\n<p class=\"c-image-news__legend\">Un trader \u00e0 la bourse de Francfort<\/p>\n<p>\n Les principales Bourses europ\u00e9ennes \u00e9voluent dans le rouge lundi en d\u00e9but de s\u00e9ance, \u00e0 l&rsquo;exception de Londres, les craintes commerciales ayant \u00e9t\u00e9 raviv\u00e9es par l&rsquo;annonce de droits de douane am\u00e9ricains de 30% sur les produits de l&rsquo;Union europ\u00e9enne (UE) si un accord n&rsquo;est pas conclu d&rsquo;ici le 1er ao\u00fbt.\n<\/p>\n<p>\n \u00c0 Paris, le CAC 40 perd 0,59% \u00e0 7.782,94 points vers 07h31 GMT et \u00e0 Francfort, le Dax recule de 0,83%. A Londres, seule exception parmi les grandes places boursi\u00e8res, le FTSE 100 prend 0,20%.\n<\/p>\n<p>\n L&rsquo;indice EuroStoxx 50 est en baisse de 0,77%, le FTSEurofirst 300 perd 0,38% et le Stoxx 600 c\u00e8de 0,42%.\n<\/p>\n<p>\n Le pr\u00e9sident am\u00e9ricain Donald Trump a annonc\u00e9 samedi qu&rsquo;il imposerait des droits de douane de 30% aux produits import\u00e9s de l&rsquo;UE \u00e0 partir du 1er ao\u00fbt, si aucun accord commercial n&rsquo;est conclu d&rsquo;ici l\u00e0, des mesures qui s&rsquo;ajouteraient \u00e0 celles que les \u00c9tats-Unis ont d\u00e9j\u00e0 impos\u00e9 ou menacent d&rsquo;imposer \u00e0 certains secteurs d&rsquo;activit\u00e9.\n<\/p>\n<p>\n Les efforts pour parvenir \u00e0 un accord commercial entre Bruxelles et Washington sont donc plus que jamais dans la ligne de mire, le bloc europ\u00e9en ayant report\u00e9 au 1er ao\u00fbt \u00e9galement l&rsquo;entr\u00e9e en vigueur de ses contre-mesures, qui concernent 21 milliards d&rsquo;euros d&rsquo;exportations am\u00e9ricaines, afin de laisser place aux n\u00e9gociations.\n<\/p>\n<p>\n Le commissaire europ\u00e9en au Commerce, Maros Sefcovic, a dit lundi que l&rsquo;UE et les \u00c9tats-Unis \u00e9taient proches d&rsquo;un accord qui satisferait les deux parties, tout en avertissant que des droits de douane de 30% reviendraient \u00e0 r\u00e9duire pratiquement \u00e0 n\u00e9ant le commerce entre les deux blocs.\n<\/p>\n<p>\n Le secteur automobile europ\u00e9en est dans le rouge avec les craintes commerciales. Porsche, BMW, Mercedes-Benz, Volkswagen sont tous en baisse d&rsquo;entre 1,5 et 2% \u00e0 Francfort. Ferrari, Stellantis et Volvo Car sont \u00e9galement en territoire n\u00e9gatif lundi.\n<\/p>\n<p>\n Aux valeurs individuelles, Herm\u00e8s recule de 2,1% apr\u00e8s que Jefferies a abaiss\u00e9 sa recommandation sur la valeur \u00e0 \u00ab\u00a0conserver\u00a0\u00bb contre \u00ab\u00a0acheter\u00a0\u00bb, citant des inqui\u00e9tudes sur la possible d\u00e9pendance excessive du groupe de luxe fran\u00e7ais aux produits de maroquinerie.\n<\/p>\n<p>\n Valneva prend 11,5% apr\u00e8s avoir annonc\u00e9 vendredi la lev\u00e9e de la restriction temporaire de l&rsquo;EMA sur le vaccin IXCHIQ chez les personnes \u00e2g\u00e9es.\n<\/p>\n<p>\n A Londres, AstraZeneca avance de 2,6%, le laboratoire ayant d\u00e9clar\u00e9 que son m\u00e9dicament Baxdrostat a atteint tous les objectifs d&rsquo;une \u00e9tude de phase avanc\u00e9e chez les patients souffrant d&rsquo;hypertension non contr\u00f4l\u00e9e ou r\u00e9sistante au traitement.\n<\/p>\n<p>\n (R\u00e9dig\u00e9 par Diana Mandi\u00e1, \u00e9dit\u00e9 par Augustin Turpin)<\/p>\n","protected":false},"excerpt":{"rendered":"Un trader \u00e0 la bourse de Francfort Les principales Bourses europ\u00e9ennes \u00e9voluent dans le rouge lundi en d\u00e9but&hellip;\n","protected":false},"author":2,"featured_media":248913,"comment_status":"","ping_status":"","sticky":false,"template":"","format":"standard","meta":{"footnotes":""},"categories":[1586],"tags":[400,11,398,408,405,1777,674,1011,27,403,402,399,404,12,25,401,406,407],"class_list":{"0":"post-248912","1":"post","2":"type-post","3":"status-publish","4":"format-standard","5":"has-post-thumbnail","7":"category-europe","8":"tag-action-cac-40","9":"tag-actualites","10":"tag-bourse-de-paris","11":"tag-boursorama","12":"tag-cotations","13":"tag-eu","14":"tag-europe","15":"tag-fr","16":"tag-france","17":"tag-indices-devises","18":"tag-investir","19":"tag-investissement","20":"tag-marche-boursier","21":"tag-news","22":"tag-republique-francaise","23":"tag-sicav","24":"tag-trackers","25":"tag-warrants"},"share_on_mastodon":{"url":"https:\/\/pubeurope.com\/@fr\/114850557082223277","error":""},"_links":{"self":[{"href":"https:\/\/www.europesays.com\/fr\/wp-json\/wp\/v2\/posts\/248912","targetHints":{"allow":["GET"]}}],"collection":[{"href":"https:\/\/www.europesays.com\/fr\/wp-json\/wp\/v2\/posts"}],"about":[{"href":"https:\/\/www.europesays.com\/fr\/wp-json\/wp\/v2\/types\/post"}],"author":[{"embeddable":true,"href":"https:\/\/www.europesays.com\/fr\/wp-json\/wp\/v2\/users\/2"}],"replies":[{"embeddable":true,"href":"https:\/\/www.europesays.com\/fr\/wp-json\/wp\/v2\/comments?post=248912"}],"version-history":[{"count":0,"href":"https:\/\/www.europesays.com\/fr\/wp-json\/wp\/v2\/posts\/248912\/revisions"}],"wp:featuredmedia":[{"embeddable":true,"href":"https:\/\/www.europesays.com\/fr\/wp-json\/wp\/v2\/media\/248913"}],"wp:attachment":[{"href":"https:\/\/www.europesays.com\/fr\/wp-json\/wp\/v2\/media?parent=248912"}],"wp:term":[{"taxonomy":"category","embeddable":true,"href":"https:\/\/www.europesays.com\/fr\/wp-json\/wp\/v2\/categories?post=248912"},{"taxonomy":"post_tag","embeddable":true,"href":"https:\/\/www.europesays.com\/fr\/wp-json\/wp\/v2\/tags?post=248912"}],"curies":[{"name":"wp","href":"https:\/\/api.w.org\/{rel}","templated":true}]}}