{"id":248916,"date":"2025-07-14T08:08:10","date_gmt":"2025-07-14T08:08:10","guid":{"rendered":"https:\/\/www.europesays.com\/fr\/248916\/"},"modified":"2025-07-14T08:08:10","modified_gmt":"2025-07-14T08:08:10","slug":"que-celebre-t-on-vraiment-pour-la-fete-nationale-et-ce-nest-pas-que-la-prise-de-la-bastille","status":"publish","type":"post","link":"https:\/\/www.europesays.com\/fr\/248916\/","title":{"rendered":"que c\u00e9l\u00e8bre-t-on vraiment pour la f\u00eate nationale (et ce n&rsquo;est pas que la prise de la Bastille)"},"content":{"rendered":"<p>            Par<br \/>\n        <strong><br \/>\n            <a href=\"https:\/\/actu.fr\/auteur\/lea-giandomenico\" title=\"Consulter tous les articles de L\u00e9a Giandomenico\" target=\"_blank\" rel=\"noopener\">L\u00e9a Giandomenico<\/a><br \/>\n        <\/strong><\/p>\n<p>        Publi\u00e9 le<\/p>\n<p>            14 juil. 2025 \u00e0 7h02        <\/p>\n<p>Cette ann\u00e9e, le 14 juillet tombe un lundi. Parfait pour un week-end de trois jours. Mais cette date est surtout celle de notre f\u00eate nationale, marqu\u00e9e chaque ann\u00e9e par <a href=\"https:\/\/actu.fr\/ile-de-france\/paris_75056\/le-defile-du-14-juillet-renoue-avec-les-traditions-en-2025-a-paris-a-quoi-s-attendre_62750040.html\" target=\"_blank\" rel=\"noopener\">un d\u00e9fil\u00e9 militaire sur les Champs \u00c9lys\u00e9es<\/a>, \u00e0 Paris. L\u2019occasion de se souvenir de la prise de la Bastille, en 1789, et aussi d\u2019un autre 14 juillet, que l\u2019histoire a un peu rel\u00e9gu\u00e9 au second plan. Piq\u00fbre de rappel.<\/p>\n<p>La prise de la Bastille en 1789<\/p>\n<p class=\" wall-content\">Pour comprendre pourquoi l\u2019on f\u00eate le 14 juillet encore maintenant, il faut rembobiner un peu pour rappeler les \u00e9v\u00e8nements de la R\u00e9volution fran\u00e7aise.<\/p>\n<p class=\" wall-content\">\u00ab\u00a0En 1789, les \u00c9tats g\u00e9n\u00e9raux compos\u00e9s des repr\u00e9sentants \u00e9lus de la noblesse, du clerg\u00e9 et du Tiers-\u00c9tat sont r\u00e9unis le 5 mai \u00e0 la suite des dol\u00e9ances parvenues au roi Louis XVI. Le 27 juin, le roi accepte le rassemblement des trois ordres qui se proclament \u00ab\u00a0Assembl\u00e9e nationale constituante\u00a0\u00bb le 9 juillet\u00a0\u00bb, rappelle le site vie-publique.fr.\u00a0<\/p>\n<blockquote class=\"ac-article-quote wall-content\">\n<p>Dans le m\u00eame temps, des troupes royales se concentrent autour de Versailles et de Paris. Le renvoi du ministre Necker le 11 juillet et la rumeur de l&rsquo;intervention des troupes royales finissent par convaincre la population parisienne de s&rsquo;organiser et des appels aux armes sont lanc\u00e9s.<\/p>\n<p>    <strong>vie-publique.fr<\/strong>\n            <\/p><\/blockquote>\n<p class=\" wall-content\">Au matin du 14 juillet, une foule se rassemble pour prendre les armes, stock\u00e9es aux Invalides. Les Parisiens impliqu\u00e9s prennent ensuite la direction de la Bastille pour r\u00e9cup\u00e9rer de la poudre<\/p>\n<p>Vid\u00e9os : en ce moment sur Actu<\/p>\n<p class=\" wall-content\">\u00ab\u00a0Le gouverneur de la place forte d\u00e9cide de faire tirer sur la foule et une journ\u00e9e de fusillades s\u2019ensuit. La garnison se rend tandis que son gouverneur est ex\u00e9cut\u00e9 peu apr\u00e8s la prise de la Bastille\u00a0\u00bb, explique le site gouvernemental.\u00a0<\/p>\n<p>La F\u00eate de la F\u00e9d\u00e9ration en 1790<\/p>\n<p class=\" wall-content\">Un an plus tard, le 14 juillet 1790, la prise de la Bastille est c\u00e9l\u00e9br\u00e9e lors de <strong>la F\u00eate de la F\u00e9d\u00e9ration.<\/strong><\/p>\n<p class=\" wall-content\">Les f\u00e9d\u00e9rations locales des gardes nationaux, qui se sont cr\u00e9\u00e9es dans toutes les provinces fran\u00e7aises durant l\u2019\u00e9t\u00e9 1789,\u00a0se rassemblent au Champ-de-Mars \u00e0 Paris pour d\u00e9filer et c\u00e9l\u00e9brer le premier anniversaire de la prise de la Bastille et l\u2019union de la Nation.<\/p>\n<p>La f\u00eate nationale c\u00e9l\u00e9br\u00e9e depuis le 14 juillet 1880<\/p>\n<p class=\" wall-content\">C\u2019est quasiment 100 ans apr\u00e8s, <strong>en 1880,<\/strong> sous la IIIe R\u00e9publique, qu\u2019<a href=\"https:\/\/www.legifrance.gouv.fr\/jorf\/id\/JORFTEXT000000877117\" target=\"_blank\" rel=\"noopener\">une loi est vot\u00e9e<\/a> pour marquer ce jour du 14 juillet comme <strong>jour de f\u00eate nationale<\/strong>.<\/p>\n<p class=\" wall-content\">On ne sait pas bien si cet article ent\u00e9rine la comm\u00e9moration de la prise de la Bastille de 1789 ou de la premi\u00e8re F\u00eate de la F\u00e9d\u00e9ration de 1790.<\/p>\n<p class=\" wall-content\">Les deux 14 juillet sont donc en r\u00e9alit\u00e9 c\u00e9l\u00e9br\u00e9s : la r\u00e9volte du peuple comme l\u2019union de la Nation. On f\u00eate bien ainsi \u00ab\u00a0l\u2019enracinement de la R\u00e9publique\u00a0\u00bb.\u00a0\u00a0<\/p>\n<p>Chaque ann\u00e9e, un d\u00e9fil\u00e9 militaire<\/p>\n<p class=\" wall-content\">Depuis l\u2019adoption du 14 juillet comme f\u00eate nationale annuelle (en 1880 donc), une place centrale est accord\u00e9e \u00e0 l\u2019arm\u00e9e dans les festivit\u00e9s.<\/p>\n<p class=\" wall-content\">En 1880, le premier programme officiel pr\u00e9voit un d\u00e9fil\u00e9 militaire sur l\u2019hippodrome de Longchamp. Ce choix du 14 juillet a \u00e9t\u00e9 fait, car cette date repr\u00e9sentait un \u00e9v\u00e9nement et une f\u00eate civique m\u00ealant le peuple et l\u2019arm\u00e9e. Depuis, le d\u00e9fil\u00e9 militaire est inscrit au programme des festivit\u00e9s nationales.<\/p>\n<p class=\" wall-content\">Et c\u2019est apr\u00e8s la Premi\u00e8re Guerre mondiale, le 14 juillet 1919, que le d\u00e9fil\u00e9 militaire se d\u00e9roule sur les Champs-\u00c9lys\u00e9es (en 1919 avec les \u00ab\u00a0gueules cass\u00e9es\u00a0\u00bb suivies des troupes alli\u00e9es victorieuses et de l\u2019arm\u00e9e fran\u00e7aise).<\/p>\n<p class=\" wall-content\">Un \u00e9v\u00e9nement solennel dans la capitale, et qui se d\u00e9cline ensuite de mani\u00e8re festive, avec c\u00e9l\u00e9brations et feux d\u2019artifice un peu partout en France.<\/p>\n<p class=\" wall-content\">Suivez toute l\u2019actualit\u00e9 de vos villes et m\u00e9dias favoris en vous inscrivant \u00e0 <a href=\"https:\/\/moncompte.actu.fr\" title=\"D\u00e9couvez Mon Actu\" rel=\"nofollow noopener\" data-trk=\"{&quot;cta&quot;:{&quot;action&quot;:&quot;https:\\\/\\\/moncompte.actu.fr&quot;,&quot;category&quot;:&quot;mon compte&quot;,&quot;from&quot;:&quot;article footer&quot;,&quot;name&quot;:&quot;Mon actu&quot;,&quot;type&quot;:&quot;cta&quot;}}\" target=\"_blank\">Mon Actu<\/a>.<\/p>\n","protected":false},"excerpt":{"rendered":"Par L\u00e9a Giandomenico Publi\u00e9 le 14 juil. 2025 \u00e0 7h02 Cette ann\u00e9e, le 14 juillet tombe un lundi.&hellip;\n","protected":false},"author":2,"featured_media":248917,"comment_status":"","ping_status":"","sticky":false,"template":"","format":"standard","meta":{"footnotes":""},"categories":[2],"tags":[11,1011,27,12,25,104,3176],"class_list":{"0":"post-248916","1":"post","2":"type-post","3":"status-publish","4":"format-standard","5":"has-post-thumbnail","7":"category-actualites","8":"tag-actualites","9":"tag-fr","10":"tag-france","11":"tag-news","12":"tag-republique-francaise","13":"tag-societe","14":"tag-vacances-scolaires"},"share_on_mastodon":{"url":"https:\/\/pubeurope.com\/@fr\/114850568861358403","error":""},"_links":{"self":[{"href":"https:\/\/www.europesays.com\/fr\/wp-json\/wp\/v2\/posts\/248916","targetHints":{"allow":["GET"]}}],"collection":[{"href":"https:\/\/www.europesays.com\/fr\/wp-json\/wp\/v2\/posts"}],"about":[{"href":"https:\/\/www.europesays.com\/fr\/wp-json\/wp\/v2\/types\/post"}],"author":[{"embeddable":true,"href":"https:\/\/www.europesays.com\/fr\/wp-json\/wp\/v2\/users\/2"}],"replies":[{"embeddable":true,"href":"https:\/\/www.europesays.com\/fr\/wp-json\/wp\/v2\/comments?post=248916"}],"version-history":[{"count":0,"href":"https:\/\/www.europesays.com\/fr\/wp-json\/wp\/v2\/posts\/248916\/revisions"}],"wp:featuredmedia":[{"embeddable":true,"href":"https:\/\/www.europesays.com\/fr\/wp-json\/wp\/v2\/media\/248917"}],"wp:attachment":[{"href":"https:\/\/www.europesays.com\/fr\/wp-json\/wp\/v2\/media?parent=248916"}],"wp:term":[{"taxonomy":"category","embeddable":true,"href":"https:\/\/www.europesays.com\/fr\/wp-json\/wp\/v2\/categories?post=248916"},{"taxonomy":"post_tag","embeddable":true,"href":"https:\/\/www.europesays.com\/fr\/wp-json\/wp\/v2\/tags?post=248916"}],"curies":[{"name":"wp","href":"https:\/\/api.w.org\/{rel}","templated":true}]}}