{"id":248924,"date":"2025-07-14T08:13:10","date_gmt":"2025-07-14T08:13:10","guid":{"rendered":"https:\/\/www.europesays.com\/fr\/248924\/"},"modified":"2025-07-14T08:13:10","modified_gmt":"2025-07-14T08:13:10","slug":"coupe-du-monde-u20-france-nouvelle-zelande-des-retrouvailles-encore-une-fois-en-demi-finales-lequipe","status":"publish","type":"post","link":"https:\/\/www.europesays.com\/fr\/248924\/","title":{"rendered":"Coupe du monde U20 : France &#8211; Nouvelle-Z\u00e9lande, des retrouvailles encore une fois en demi-finales &#8211; L&#039;\u00c9quipe"},"content":{"rendered":"<ol>\n<li><a href=\"https:\/\/news.google.com\/rss\/articles\/CBMi1wFBVV95cUxOZ3RGTFlTdnZmbURsYXJaWVB1NWFGQlktX3hXeTFXTy1SQXhwYmx4N0I3U2tBaWREcWFUT09oa09YWkZodHBYN3BFRnhOVEY4QmhKZVI5dGdJbG9BbjNVa1diOG94QTllNUJKTWF3RUR0WktFNWRBTFZndXpTdzZuRVFYRXVKR1pla21ZOEVZeHE3QzlIelF3aFNXMG03Wl9GSWNXcjRjUkFWamxnUGpTQzd2N3phNElVVHhmQUFhV2J1UjFXVWw2X3kwVWtZeXFITXBNX195TQ?oc=5\" target=\"_blank\" rel=\"nofollow noopener\">Coupe du monde U20 : France &#8211; Nouvelle-Z\u00e9lande, des retrouvailles encore une fois en demi-finales<\/a>&nbsp;&nbsp;L&rsquo;\u00c9quipe<\/li>\n<li><a href=\"https:\/\/news.google.com\/rss\/articles\/CBMilgJBVV95cUxNUXZBbVdXSzd5dGJXalQ3S1VsNlVYM3JaUWZLekFkTkpueC1wREZkbzkxaUNIM01ZQ04yTzRUNndaRno3aUNyVEVmSERvM180NEtFMzJwVWRMNVE0c1BuU2NSZVd2UFVPbmQ5Szl1RUxaS3hCcXVsN2F2d3Q4YnhLX3ZsOUhOX2h6aTJNT2JjMDlOZng3S3R6YmJXVmNhMGx5Qno2TUV5RmVLQXliXzZ6NFBSUmgySmxheVdtWm5MRDVGRjNoaGNKNGJLaFpaSTZhSTRhY243SzdGaTVmQW0tTjlyU2hYNWRZN3BGNmxhVnY5SXZyaXV1UmFrVzA5N2JIOWJWRHlGcGEtTVJPWC11dkhtX1RTZw?oc=5\" target=\"_blank\" rel=\"nofollow noopener\">Coupe du monde U20 de rugby : s\u00fbrs de leurs forces, les Bleuets en qu\u00eate d\u2019une nouvelle place en finale<\/a>&nbsp;&nbsp;Le Figaro<\/li>\n<li><a href=\"https:\/\/news.google.com\/rss\/articles\/CBMijgJBVV95cUxPajRBYVMycTR0U3BjR0o2T3NYaDIxTEJ1WXpTd08xLXhmRVAyMzVaNkRSczRwWndFdkdzdkNnVHNNNllQX21hQVRla0FyWXFaRlFWMDdKNURxMUhrek9ZekxuREw1UVVkcTNES0xRR2x4enF2RmhvM0pFa0dMZnlXdHdNdF9FTXdnUUc4d19EVG52NmtlcjNTbkhKeFI1bFA3cWYzd0lxWFJxT2htUTRoZllTWFhBMG1kLTdBeUVNRHduckNadWdBNUJha3FlTWxvYW1IOHEwNTNrQjJDVXRQMll5eThnQ1JSRUh3bXV6RzdVbGpFckxzbjhUQXJzckRvYzRQVGlNSzNIZzktdnc?oc=5\" target=\"_blank\" rel=\"nofollow noopener\">France &#8211; All Blacks. \u00c0 quelle heure et sur quelle cha\u00eene TV voir la demie de la Coupe du monde U20 ?<\/a>&nbsp;&nbsp;Ouest-France<\/li>\n<li><a href=\"https:\/\/news.google.com\/rss\/articles\/CBMiggJBVV95cUxNU1J1S012VzhoYzNua2UwSURmRDdzb19xWHM1LXZBX2hGb3ZPelpoZ2kzRlp6bXpkM3NrMElVOEdPSGtkRk9LTmNseXE3VGVSUEhnTnRiLU0xSVMzS1F4eEp0ZjVWNk5aeUxiV2otOENIWHFrVVp6ZEcyRHVpTHZqWU42aDh5bkktQmk0NHBfZ1lQT1FIdF96cmU2ZVVfeE1IODNjejZpU2lPb212Z3N4U0lZX0FMM0Z0UFJQWUVDLXpSNVhYM0NiWEZxQmRkM3lzN0NzOExMay0wVzc4cXJocGkxOHFnN2FJRXNUSW40M1A3dkZmdzJLVFkxbEc0UXZmQmc?oc=5\" target=\"_blank\" rel=\"nofollow noopener\">\u00ab J\u2019aurais pr\u00e9f\u00e9r\u00e9 jouer mais\u2026 \u00bb, le centre du RC Vannes Robin Taccola se confie avant la demi-finale de la Coupe du monde U20<\/a>&nbsp;&nbsp;Le T\u00e9l\u00e9gramme<\/li>\n<li><a href=\"https:\/\/news.google.com\/rss\/articles\/CBMihAJBVV95cUxOQjdQMHMtS0FRckRJRXJ3OUZ2SGdtRVAybzJCT3doNmtUM2NQWGt5VVAxYXJzYU1QV3d2LVVnOWxRalNqRXhJTE5BQVBXeFB6Q2Y5Wjl3b3h2QUlrR2J6TDZOTC1nUl9vSTFtV0s0SGlla3FsZk0zdFg0a3hJWWo5MnE5d1daWkdhYl81X3hiWVc4My1zWDBheEViVXNfREdVdHZ0R0I2UVEyZm05VU12cWYwT1ExbW9rRlZ5V1JocjNXNUJQcW5OV0xVemwydnV3M0VfQnZUVzh6YWJGbUVHZVN4c01rQjhpVkJ6MWRqX2VLbEJVQUhQVURPSWNrQmxfaXhfYg?oc=5\" target=\"_blank\" rel=\"nofollow noopener\">\u00ab\u00a0D\u00e9fendre, j\u2019ai toujours aim\u00e9 \u00e7a\u00a0\u00bb, confie l&rsquo;ouvreur Luka Keletaona (Bleuets) avant la demie contre les Baby Blacks<\/a>&nbsp;&nbsp;Rugbyrama<\/li>\n<\/ol>\n","protected":false},"excerpt":{"rendered":"Coupe du monde U20 : France &#8211; Nouvelle-Z\u00e9lande, des retrouvailles encore une fois en demi-finales&nbsp;&nbsp;L&rsquo;\u00c9quipe Coupe du monde&hellip;\n","protected":false},"author":2,"featured_media":248925,"comment_status":"","ping_status":"","sticky":false,"template":"","format":"standard","meta":{"footnotes":""},"categories":[1416],"tags":[1011,27,479,1468,60],"class_list":{"0":"post-248924","1":"post","2":"type-post","3":"status-publish","4":"format-standard","5":"has-post-thumbnail","7":"category-rugby","8":"tag-fr","9":"tag-france","10":"tag-rugby","11":"tag-rugby-football","12":"tag-sports"},"share_on_mastodon":{"url":"https:\/\/pubeurope.com\/@fr\/114850588448057257","error":""},"_links":{"self":[{"href":"https:\/\/www.europesays.com\/fr\/wp-json\/wp\/v2\/posts\/248924","targetHints":{"allow":["GET"]}}],"collection":[{"href":"https:\/\/www.europesays.com\/fr\/wp-json\/wp\/v2\/posts"}],"about":[{"href":"https:\/\/www.europesays.com\/fr\/wp-json\/wp\/v2\/types\/post"}],"author":[{"embeddable":true,"href":"https:\/\/www.europesays.com\/fr\/wp-json\/wp\/v2\/users\/2"}],"replies":[{"embeddable":true,"href":"https:\/\/www.europesays.com\/fr\/wp-json\/wp\/v2\/comments?post=248924"}],"version-history":[{"count":0,"href":"https:\/\/www.europesays.com\/fr\/wp-json\/wp\/v2\/posts\/248924\/revisions"}],"wp:featuredmedia":[{"embeddable":true,"href":"https:\/\/www.europesays.com\/fr\/wp-json\/wp\/v2\/media\/248925"}],"wp:attachment":[{"href":"https:\/\/www.europesays.com\/fr\/wp-json\/wp\/v2\/media?parent=248924"}],"wp:term":[{"taxonomy":"category","embeddable":true,"href":"https:\/\/www.europesays.com\/fr\/wp-json\/wp\/v2\/categories?post=248924"},{"taxonomy":"post_tag","embeddable":true,"href":"https:\/\/www.europesays.com\/fr\/wp-json\/wp\/v2\/tags?post=248924"}],"curies":[{"name":"wp","href":"https:\/\/api.w.org\/{rel}","templated":true}]}}