{"id":248926,"date":"2025-07-14T08:14:11","date_gmt":"2025-07-14T08:14:11","guid":{"rendered":"https:\/\/www.europesays.com\/fr\/248926\/"},"modified":"2025-07-14T08:14:11","modified_gmt":"2025-07-14T08:14:11","slug":"wimbledon-elise-mertens-gagne-le-double-pour-la-2e-fois-de-sa-carriere-son-5e-sacre-en-grand-chelem","status":"publish","type":"post","link":"https:\/\/www.europesays.com\/fr\/248926\/","title":{"rendered":"Wimbledon : Elise Mertens gagne le double pour la 2e fois de sa carri\u00e8re, son 5e sacre en Grand Chelem"},"content":{"rendered":"<p class=\"ap-StoryElement ap-StoryElement--mb ap-StoryText\">Elise Mertens, 19e mondiale, et la Russe Veronika Kudermetova, 11e, sont venues \u00e0 bout de la Ta\u00efwanaise Su-Wei Hsieh (WTA D-6), 39 ans, ancienne partenaire de la joueuse belge, et la Lettone Jelena Ostapenko (WTA D-15), 28 ans, t\u00eates de s\u00e9rie N.4.<\/p>\n<p class=\"ap-StoryElement ap-StoryElement--mb ap-StoryText\">La partie s&rsquo;est achev\u00e9e en trois manches &#8211; 3-6, 6-2, 6-4 &#8211; au bout de deux heures et 23 minutes de jeu.<\/p>\n<p class=\"ap-StoryElement ap-StoryElement--mb ap-StoryText\">Mertens et Kudermetova ont men\u00e9 3 \u00e0 1 dans le premier set avant d&rsquo;encaisser 5 jeux de suite pour laisser filer la premi\u00e8re manche. Le deuxi\u00e8me set a commenc\u00e9 comme le premier avec une avance de 3 jeux \u00e0 1 pour la paire belgo-russe. Cette fois, Mertens et Kudermetova ont tenu la route pour \u00e9galiser. Le 3e set, d\u00e9cisif, a vu Jelena Ostapenko et Su-Wei Hsieh r\u00e9aliser le break dans le 5e jeu. Mertens et Kudermetova ont gomm\u00e9 leur retard (4-4) pour filer ensuite vers le titre sur leur premi\u00e8re balle de match.<\/p>\n<p class=\"ap-StoryElement ap-StoryElement--mb ap-StoryText\">Elise Mertens se hissait pour la quatri\u00e8me fois en cinq \u00e9ditions en finale du double \u00e0 Wimbledon. D\u00e9tail piquant, elle l&rsquo;avait emport\u00e9 en 2021 avec Su-wei Hsieh face Veronika Kudermetova, alors associ\u00e9e \u00e0 sa compatriote Elena Vesnina.<\/p>\n<p class=\"ap-StoryElement ap-StoryElement--mb ap-StoryText\">Elise Mertens a remport\u00e9 l&rsquo;Open d&rsquo;Australie en 2024 avec Su-Wei Hsieh et en 2021 avec Aryna Sabalenka, l&rsquo;US Open en 2019 Aryna Sabalenka et donc Wimbledon en 2021 avec Su-Wei Hsieh.<\/p>\n<p class=\"ap-StoryElement ap-StoryElement--mb ap-StoryText\">Cette ann\u00e9e, Elise Mertens, 29 ans, et Veronika Kudermetova, 28 ans, ont jou\u00e9, et perdu, deux finales sur terre battue aux WTA 1000 de Madrid et de Rome. Elles avaient d\u00e9j\u00e0 d\u00e9croch\u00e9 trois titres: Istanbul en 2021, Duba\u00ef et le Masters en 2022. Elles ont aussi perdu trois autres finales \u00e0 Doha, Miami et Rosmalen en 2022.<\/p>\n","protected":false},"excerpt":{"rendered":"Elise Mertens, 19e mondiale, et la Russe Veronika Kudermetova, 11e, sont venues \u00e0 bout de la Ta\u00efwanaise Su-Wei&hellip;\n","protected":false},"author":2,"featured_media":248927,"comment_status":"","ping_status":"","sticky":false,"template":"","format":"standard","meta":{"footnotes":""},"categories":[1415],"tags":[828,1011,27,60,1467],"class_list":{"0":"post-248926","1":"post","2":"type-post","3":"status-publish","4":"format-standard","5":"has-post-thumbnail","7":"category-tennis","8":"tag-belgique","9":"tag-fr","10":"tag-france","11":"tag-sports","12":"tag-tennis"},"share_on_mastodon":{"url":"https:\/\/pubeurope.com\/@fr\/114850592388313995","error":""},"_links":{"self":[{"href":"https:\/\/www.europesays.com\/fr\/wp-json\/wp\/v2\/posts\/248926","targetHints":{"allow":["GET"]}}],"collection":[{"href":"https:\/\/www.europesays.com\/fr\/wp-json\/wp\/v2\/posts"}],"about":[{"href":"https:\/\/www.europesays.com\/fr\/wp-json\/wp\/v2\/types\/post"}],"author":[{"embeddable":true,"href":"https:\/\/www.europesays.com\/fr\/wp-json\/wp\/v2\/users\/2"}],"replies":[{"embeddable":true,"href":"https:\/\/www.europesays.com\/fr\/wp-json\/wp\/v2\/comments?post=248926"}],"version-history":[{"count":0,"href":"https:\/\/www.europesays.com\/fr\/wp-json\/wp\/v2\/posts\/248926\/revisions"}],"wp:featuredmedia":[{"embeddable":true,"href":"https:\/\/www.europesays.com\/fr\/wp-json\/wp\/v2\/media\/248927"}],"wp:attachment":[{"href":"https:\/\/www.europesays.com\/fr\/wp-json\/wp\/v2\/media?parent=248926"}],"wp:term":[{"taxonomy":"category","embeddable":true,"href":"https:\/\/www.europesays.com\/fr\/wp-json\/wp\/v2\/categories?post=248926"},{"taxonomy":"post_tag","embeddable":true,"href":"https:\/\/www.europesays.com\/fr\/wp-json\/wp\/v2\/tags?post=248926"}],"curies":[{"name":"wp","href":"https:\/\/api.w.org\/{rel}","templated":true}]}}