{"id":248938,"date":"2025-07-14T08:21:09","date_gmt":"2025-07-14T08:21:09","guid":{"rendered":"https:\/\/www.europesays.com\/fr\/248938\/"},"modified":"2025-07-14T08:21:09","modified_gmt":"2025-07-14T08:21:09","slug":"4-maisons-de-grands-architectes-a-vendre-de-philippe-starck-a-jean-nouvel","status":"publish","type":"post","link":"https:\/\/www.europesays.com\/fr\/248938\/","title":{"rendered":"4 maisons de grands architectes \u00e0 vendre, de Philippe Starck \u00e0 Jean Nouvel"},"content":{"rendered":"<p>Bien qu\u2019il ait principalement marqu\u00e9 les villes par ses b\u00e2timents publics m\u00e9morables, \u00e0 l\u2019instar de l\u2019Institut du Monde Arabe, de la Philharmonie de Paris ou du Louvre Abu Dhabi, <a href=\"https:\/\/www.admagazine.fr\/article\/premiere-maison-jean-nouvel-a-vendre\" target=\"_blank\" rel=\"noopener\">Jean Nouvel<\/a> est aussi l\u2019auteur de quelques r\u00e9sidences individuelles.<\/p>\n<p>Une maison de 550 m\u00e8tres carr\u00e9s \u00e0 l&rsquo;allure sculpturale<\/p>\n<p>Celle-ci, perch\u00e9e sur les hauteurs de Nice, est l\u2019un des rares joyaux priv\u00e9s de l\u2019architecte star. Sur quelque 550 m\u00e8tres carr\u00e9s int\u00e9rieurs et 8 600 m\u00e8tres carr\u00e9s ext\u00e9rieurs, la propri\u00e9t\u00e9 est non seulement vaste, mais aussi sculpturale. Elle est mise en vente par le groupe immobilier de prestige John Taylor pour le prix de 16 millions d\u2019euros.<\/p>\n<p>John Taylor<\/p>\n<p>Les fronti\u00e8res entre l\u2019int\u00e9rieur et l\u2019ext\u00e9rieur s&rsquo;estompent<\/p>\n<p>Une architecture contemporaine et graphique, mais en respect de son environnement, fait de ce bien une raret\u00e9, notamment dans la r\u00e9gion ni\u00e7oise particuli\u00e8rement pris\u00e9e sur le march\u00e9 de l\u2019immobilier. La villa de Jean Nouvel s\u2019\u00e9l\u00e8ve sur deux niveaux, mais pr\u00e9sente une fa\u00e7ade dans aucune colonne, se fondant ainsi discr\u00e8tement dans le paysage naturel. Sa fa\u00e7ade vitr\u00e9e lui conf\u00e8re un panorama \u00e0 couper le souffle sur la nature, notamment la mer \u00e0 l\u2019horizon. \u00c0 la mani\u00e8re des villas californiennes de <a href=\"https:\/\/www.admagazine.fr\/galerie\/batiments-meconnus-frank-lloyd-wright\" target=\"_blank\" rel=\"noopener\">Frank Lloyd Wright<\/a>, ses fronti\u00e8res entre l\u2019int\u00e9rieur et l\u2019ext\u00e9rieur se confondent, et l\u2019impression est d\u2019autant plus renforc\u00e9e par sa terrasse avec une piscine allong\u00e9e de 17&#215;5 m\u00e8tres. La terrasse expos\u00e9e au sud propose, en outre, une vue panoramique sur les environs.<\/p>\n<p>John Taylor<\/p>\n<p>Des mat\u00e9riaux contemporains, nobles et \u00e9pur\u00e9s<\/p>\n<p>En termes de design, la maison int\u00e8gre des mat\u00e9riaux nobles et \u00e9pur\u00e9s, comme l\u2019inox et des bois exotiques pr\u00e9cieux. La pi\u00e8ce \u00e0 vivre se compose d\u2019un tr\u00e8s vaste s\u00e9jour avec une cuisine ouverte. Elle dispose de quatre suites (chambre, dressing et salle de bains attenante), chacune dot\u00e9e d\u2019une vue sur la M\u00e9diterran\u00e9e. Enfin, un parking pour plusieurs v\u00e9hicules compl\u00e8te la propri\u00e9t\u00e9, \u00e0 laquelle on parvient par un funiculaire, facilitant grandement son acc\u00e8s. Un bien d\u2019exception, \u00e0 quelques encablures de Nice tout en \u00e9chappant au tumulte urbain, et \u00e0 quelques pas du sentier des douaniers en contrebas de la maison.<\/p>\n<p>Une villa d\u2019architecte futuriste dans le Perche<\/p>\n<p>D\u2019inspiration Space Age californienne des ann\u00e9es 1960-1970, l\u2019\u00e9tonnante maison prend vie dans le Perche. Visite de la villa \u00e0 vendre par Architecture de Collection pour 1 450 000 \u20ac.<\/p>\n","protected":false},"excerpt":{"rendered":"Bien qu\u2019il ait principalement marqu\u00e9 les villes par ses b\u00e2timents publics m\u00e9morables, \u00e0 l\u2019instar de l\u2019Institut du Monde&hellip;\n","protected":false},"author":2,"featured_media":248939,"comment_status":"","ping_status":"","sticky":false,"template":"","format":"standard","meta":{"footnotes":""},"categories":[1358],"tags":[29857,19035,1348,1384,1385,1386,58,59,1011,27,1965],"class_list":{"0":"post-248938","1":"post","2":"type-post","3":"status-publish","4":"format-standard","5":"has-post-thumbnail","7":"category-arts-et-design","8":"tag-a-vendre","9":"tag-architecture-spectaculaire","10":"tag-arts","11":"tag-arts-and-design","12":"tag-arts-et-design","13":"tag-design","14":"tag-divertissement","15":"tag-entertainment","16":"tag-fr","17":"tag-france","18":"tag-maisons-a-vendre"},"share_on_mastodon":{"url":"https:\/\/pubeurope.com\/@fr\/114850619915020181","error":""},"_links":{"self":[{"href":"https:\/\/www.europesays.com\/fr\/wp-json\/wp\/v2\/posts\/248938","targetHints":{"allow":["GET"]}}],"collection":[{"href":"https:\/\/www.europesays.com\/fr\/wp-json\/wp\/v2\/posts"}],"about":[{"href":"https:\/\/www.europesays.com\/fr\/wp-json\/wp\/v2\/types\/post"}],"author":[{"embeddable":true,"href":"https:\/\/www.europesays.com\/fr\/wp-json\/wp\/v2\/users\/2"}],"replies":[{"embeddable":true,"href":"https:\/\/www.europesays.com\/fr\/wp-json\/wp\/v2\/comments?post=248938"}],"version-history":[{"count":0,"href":"https:\/\/www.europesays.com\/fr\/wp-json\/wp\/v2\/posts\/248938\/revisions"}],"wp:featuredmedia":[{"embeddable":true,"href":"https:\/\/www.europesays.com\/fr\/wp-json\/wp\/v2\/media\/248939"}],"wp:attachment":[{"href":"https:\/\/www.europesays.com\/fr\/wp-json\/wp\/v2\/media?parent=248938"}],"wp:term":[{"taxonomy":"category","embeddable":true,"href":"https:\/\/www.europesays.com\/fr\/wp-json\/wp\/v2\/categories?post=248938"},{"taxonomy":"post_tag","embeddable":true,"href":"https:\/\/www.europesays.com\/fr\/wp-json\/wp\/v2\/tags?post=248938"}],"curies":[{"name":"wp","href":"https:\/\/api.w.org\/{rel}","templated":true}]}}