{"id":248942,"date":"2025-07-14T08:23:10","date_gmt":"2025-07-14T08:23:10","guid":{"rendered":"https:\/\/www.europesays.com\/fr\/248942\/"},"modified":"2025-07-14T08:23:10","modified_gmt":"2025-07-14T08:23:10","slug":"thierry-ardisson-lintervieweur-qui-aimait-melanger-une-pute-et-un-archeveque","status":"publish","type":"post","link":"https:\/\/www.europesays.com\/fr\/248942\/","title":{"rendered":"Thierry Ardisson, l\u2019intervieweur qui aimait \u00ab\u00a0m\u00e9langer une pute et un archev\u00eaque\u00a0\u00bb"},"content":{"rendered":"<p> \u00abUn bon intervieweur, c\u2019est quelqu\u2019un qui, quand il \u00e9tait petit, aimer bien arracher les ailes des mouches\u00a0\u00bb, s\u2019amusait-il \u00e0 dire. <a href=\"https:\/\/www.20minutes.fr\/dossier\/thierry_ardisson\" class=\"color-ultramarine c-link\" target=\"_blank\" rel=\"noopener\">Thierry Ardisson<\/a>, d\u00e9c\u00e9d\u00e9 ce lundi <a href=\"https:\/\/www.20minutes.fr\/arts-stars\/culture\/4162849-20250714-thierry-ardisson-animateur-culte-television-francaise-mort\" class=\"color-ultramarine c-link\" target=\"_blank\" rel=\"noopener\">\u00e0 l\u2019\u00e2ge de 76 ans<\/a>, avait aussi bien le sens de la formule qu\u2019une mani\u00e8re toute personnelle de passer ses invit\u00e9s \u00e0 la question. \u00ab\u00a0Il faut \u00eatre un peu sadique. Si vous \u00eates trop sympa, \u00e7a ne marche pas. Il faut avoir envie de titiller, de faire mal, d\u2019appuyer l\u00e0 o\u00f9 \u00e7a ne fait pas du bien, sinon, \u00e7a ne sert \u00e0 rien de faire ce job\u00a0\u00bb, <a href=\"https:\/\/www.20minutes.fr\/arts-stars\/television\/2493255-20190503-tout-monde-parle-phenomene-societe-raconte-thierry-ardisson\" class=\"color-ultramarine c-link\" target=\"_blank\" rel=\"noopener\">expliquait-il \u00e0 20 Minutes en mai\u00a02019<\/a>.<\/p>\n<p>L\u2019homme en noir nous avait accord\u00e9 un long entretien \u00e0 condition de pouvoir le relire avant publication. Une demande qui faisait partie de ses habitudes. Mais s\u2019il l\u2019imposait, c\u2019\u00e9tait pour corriger une \u00e9ventuelle erreur factuelle et non pour att\u00e9nuer la teneur de ses propos. Au contraire, il profitait de l\u2019exercice pour ajouter quelques vacheries croustillantes \u00e7\u00e0 et l\u00e0, conscient qu\u2019une interview r\u00e9ussie ne verse jamais dans la ti\u00e9deur.<\/p>\n<\/p>\n<p>Lui, avait plut\u00f4t tendance \u00e0 jouer avec le feu. D\u00e8s sa premi\u00e8re \u00e9mission, \u00ab\u00a0Descente de police\u00a0\u00bb, en\u00a01985 sur TF1, il malmenait ses invit\u00e9s dans un d\u00e9cor de commissariat. Un interrogatoire loin d\u2019une complaisance \u00e0 la Michel Drucker. Dans la t\u00e9l\u00e9vision de l\u2019\u00e9poque, il se d\u00e9marquait, et il ne lui a pas \u00e9t\u00e9 difficile d\u2019imposer sa marque de fabrique entre sous-entendus peu subtils et teint\u00e9s d\u2019agressivit\u00e9, sensationnalisme et r\u00e9flexions rigolardes. Une patte souvent imit\u00e9e et parodi\u00e9e, notamment par Les Inconnus qui ont pastich\u00e9 son \u00ab\u00a0Double Jeu\u00a0\u00bb du d\u00e9but des ann\u00e9es\u00a01990 sur la Deux en \u00ab\u00a0Trouble Jeu\u00a0\u00bb.<\/p>\n<p>Sa r\u00e8gle\u00a0: ne pas bouffer avec ses invit\u00e9s<\/p>\n<p>La seule r\u00e8gle \u00e0 laquelle il disait ne jamais d\u00e9roger \u00e9tait de ne jamais se lier avec les personnalit\u00e9s qu\u2019il invitait\u00a0: \u00ab\u00a0Quand vous devenez copain avec elles, vous ne pouvez pas les interviewer. J\u2019ai pass\u00e9 toute ma vie \u00e0 ne pas bouffer avec eux pour garder ma libert\u00e9 de parole.\u00a0\u00bb Ironie de l\u2019histoire, en\u00a02003, quand il a lanc\u00e9 \u00ab\u00a093, Faubourg Saint-Honor\u00e9\u00a0\u00bb jouant la carte du d\u00eener parisien \u00e0 son domicile, <a href=\"https:\/\/www.20minutes.fr\/arts-stars\/television\/4066511-20231215-mis-micros-chiottes-histoire-93-faubourg-saint-honore-racontee-menu\" class=\"color-ultramarine c-link\" target=\"_blank\" rel=\"noopener\">il n\u2019avait aucune exp\u00e9rience en la mati\u00e8re<\/a>\u00a0: \u00ab\u00a0Pour Paris Premi\u00e8re, j\u2019ai fait, pendant quatre saisons, vingt-cinq d\u00eeners par an chez moi. Je n\u2019en avais jamais fait avant et je n\u2019en ai pas refait apr\u00e8s.\u00a0\u00bb<\/p>\n<p>Thierry Ardisson estimait que la t\u00e9l\u00e9vision actuelle ressemblait \u00e0 \u00ab\u00a0de la radio film\u00e9e\u00a0\u00bb. Lui, avait le sens du d\u00e9cor et de la mise en sc\u00e8ne. Du casting aussi. De \u00ab\u00a0Tout le monde en parle\u00a0\u00bb qu\u2019il a anim\u00e9e sur France 2 de\u00a01998 \u00e0\u00a02006, il disait que \u00ab\u00a0mettre des gens autour d\u2019une table n\u2019est pas extraordinaire\u00a0\u00bb mais que \u00ab\u00a0ce qui \u00e9tait fort, c\u2019\u00e9tait de m\u00e9langer une pute et un archev\u00eaque\u00a0\u00bb. Il n\u2019h\u00e9sitait pas non plus \u00e0 servir de l\u2019alcool \u00e0 volont\u00e9 dans les loges \u00e0 ses invit\u00e9s. Les fid\u00e8les de l\u2019\u00e9mission la suivaient parce qu\u2019ils savaient que c\u2019\u00e9tait l\u00e0 que tout pouvait arriver. Comme demander \u00e0 Michel Rocard si \u00ab\u00a0sucer, c\u2019est tromper\u00a0\u00bb. Ou inviter Thierry Meyssian \u00e0 d\u00e9rouler sa th\u00e9orie du complot sur le 11-Septembre. R\u00e9trospectivement l\u2019animateur admettra avoir commis \u00ab\u00a0une faute\u00a0\u00bb.<\/p>\n<p>\u00ab\u00a0L\u2019humour-humiliation\u00a0\u00bb<\/p>\n<p>\u00ab\u00a0Thierry Ardisson est un manipulateur, que je ne respecte pas\u00a0\u00bb, <a href=\"https:\/\/www.20minutes.fr\/arts-stars\/culture\/4086719-20240417-pris-conscience-parole-sens-poids-confie-lio\" class=\"color-ultramarine c-link\" target=\"_blank\" rel=\"noopener\">nous a d\u00e9clar\u00e9 l\u2019an pass\u00e9 Lio<\/a>. En\u00a02006, sur le plateau de \u00ab\u00a0Tout le monde en parle\u00a0\u00bb, elle s\u2019indignait de la mani\u00e8re dont Marie Trintignant a \u00e9t\u00e9 tu\u00e9e par Bertrand Cantat. Face \u00e0 elle, Muriel Cerf qui minimisait les faits. La s\u00e9quence est douloureuse \u00e0 voir. En\u00a02024, \u00e9galement, alors que la L\u00e9gion d\u2019honneur \u00e9tait d\u00e9cern\u00e9e \u00e0 Thierry Ardisson, <a href=\"https:\/\/www.liberation.fr\/idees-et-debats\/tribunes\/legion-dhonneur-a-ardisson-la-gifle-par-christine-angot-20240412_ZFVFNPPQCNFPJLWN4UE4QSSN5M\/?redirected=1\" rel=\"nofollow noopener\" target=\"_blank\" class=\"color-ultramarine c-link\">Christine Angot s\u2019est fendue d\u2019une tribune<\/a> pour s\u2019indigner de cette reconnaissance et d\u00e9noncer \u00ab\u00a0l\u2019humour-humiliation\u00a0\u00bb dont il faisait preuve.<\/p>\n<p>En avril, Laurent Baffie, le sniper de l\u2019\u00e9mission, <a href=\"https:\/\/www.20minutes.fr\/arts-stars\/people\/4152437-20250508-laurent-baffie-thierry-ardisson-reviennent-clash-concernant-tout-monde-parle\" class=\"color-ultramarine c-link\" target=\"_blank\" rel=\"noopener\">a fait son mea culpa<\/a>\u00a0: \u00ab\u00a0L\u2019autre jour, je voyais une compilation de vannes qu\u2019on faisait avec des petites chanteuses, ce qu\u2019on appelait des \u00ab\u00a0proies faibles\u00a0\u00bb\u2026 Les chanteuses, avec Thierry, on n\u2019\u00e9tait pas tendres. Et il y a des choses qui me font honte, oui\u00a0\u00bb, a-t-il confess\u00e9. <a href=\"https:\/\/www.20minutes.fr\/arts-stars\/people\/4152437-20250508-laurent-baffie-thierry-ardisson-reviennent-clash-concernant-tout-monde-parle\" class=\"color-ultramarine c-link\" target=\"_blank\" rel=\"noopener\">Ardisson a r\u00e9pliqu\u00e9, \u00e9nerv\u00e9<\/a>, quelques jours plus tard dans les colonnes de La Tribune du dimanche\u00a0: \u00ab\u00a0[Baffie] prenait 10.000 balles par semaine et aujourd\u2019hui, il vient cracher dans la soupe en disant qu\u2019on \u00e9tait cons et machistes\u00a0!\u00a0\u00bb<\/p>\n<p>A 20 Minutes, il y a six ans, il reconnaissait avoir eu un c\u00f4t\u00e9 macho. \u00ab\u00a0J\u2019ai beaucoup chang\u00e9 depuis que je suis avec Audrey [Crespo-Mara, son \u00e9pouse]. Elle m\u2019a gu\u00e9ri de \u00e7a, elle m\u2019a interdit les vannes sexistes\u00a0! Je ne me force pas \u00e0 \u00eatre moins macho, \u00e7a me semble naturel, mais \u00e0 l\u2019\u00e9poque, non.\u00a0\u00bb<\/p>\n<p>Post\u00e9rit\u00e9<\/p>\n<p>Thierry Ardisson s\u2019\u00e9tait assagi ces derni\u00e8res ann\u00e9es. M\u00eame si \u00ab\u00a0<a href=\"https:\/\/www.20minutes.fr\/arts-stars\/television\/3280539-20220502-hotel-temps-emission-thierry-ardisson-television-demain-hier\" class=\"color-ultramarine c-link\" target=\"_blank\" rel=\"noopener\">H\u00f4tel du Temps<\/a>\u00a0\u00bb, son dernier concept sur France T\u00e9l\u00e9visions en\u00a02022, avait une dimension subversive. Via l\u2019intelligence artificielle, l\u2019homme en noir faisait revivre des vedettes d\u00e9c\u00e9d\u00e9es pour les interviewer, comme s\u2019il avait le pouvoir de transcender la mort.<\/p>\n<p><a href=\"https:\/\/www.20minutes.fr\/dossier\/thierry_ardisson\" class=\"c-link c-btn c-btn--primary\" target=\"_blank\" rel=\"noopener\">Nos articles sur Thierry Ardisson<\/a><\/p>\n<p>Lui avait d\u00e9j\u00e0 anticip\u00e9 sa post\u00e9rit\u00e9 en lan\u00e7ant, en\u00a02020, en collaboration avec l\u2019Institut national de l\u2019audiovisuel, <a href=\"https:\/\/www.youtube.com\/@InaArditube\" rel=\"nofollow noopener\" target=\"_blank\" class=\"color-ultramarine c-link\">la cha\u00eene YouTube INA Arditube<\/a>, compilant et contextualisant des extraits de ses interviews les plus m\u00e9morables. Pour que tout le monde continue d\u2019en parler.<\/p>\n","protected":false},"excerpt":{"rendered":"\u00abUn bon intervieweur, c\u2019est quelqu\u2019un qui, quand il \u00e9tait petit, aimer bien arracher les ailes des mouches\u00a0\u00bb, s\u2019amusait-il&hellip;\n","protected":false},"author":2,"featured_media":248943,"comment_status":"","ping_status":"","sticky":false,"template":"","format":"standard","meta":{"footnotes":""},"categories":[1356],"tags":[7278,58,59,1011,27,876,594,500,252,199,10058,1364],"class_list":{"0":"post-248942","1":"post","2":"type-post","3":"status-publish","4":"format-standard","5":"has-post-thumbnail","7":"category-television","8":"tag-c8","9":"tag-divertissement","10":"tag-entertainment","11":"tag-fr","12":"tag-france","13":"tag-france-3","14":"tag-france-2","15":"tag-medias","16":"tag-television","17":"tag-tf1","18":"tag-thierry-ardisson","19":"tag-tv"},"share_on_mastodon":{"url":"https:\/\/pubeurope.com\/@fr\/114850628309535237","error":""},"_links":{"self":[{"href":"https:\/\/www.europesays.com\/fr\/wp-json\/wp\/v2\/posts\/248942","targetHints":{"allow":["GET"]}}],"collection":[{"href":"https:\/\/www.europesays.com\/fr\/wp-json\/wp\/v2\/posts"}],"about":[{"href":"https:\/\/www.europesays.com\/fr\/wp-json\/wp\/v2\/types\/post"}],"author":[{"embeddable":true,"href":"https:\/\/www.europesays.com\/fr\/wp-json\/wp\/v2\/users\/2"}],"replies":[{"embeddable":true,"href":"https:\/\/www.europesays.com\/fr\/wp-json\/wp\/v2\/comments?post=248942"}],"version-history":[{"count":0,"href":"https:\/\/www.europesays.com\/fr\/wp-json\/wp\/v2\/posts\/248942\/revisions"}],"wp:featuredmedia":[{"embeddable":true,"href":"https:\/\/www.europesays.com\/fr\/wp-json\/wp\/v2\/media\/248943"}],"wp:attachment":[{"href":"https:\/\/www.europesays.com\/fr\/wp-json\/wp\/v2\/media?parent=248942"}],"wp:term":[{"taxonomy":"category","embeddable":true,"href":"https:\/\/www.europesays.com\/fr\/wp-json\/wp\/v2\/categories?post=248942"},{"taxonomy":"post_tag","embeddable":true,"href":"https:\/\/www.europesays.com\/fr\/wp-json\/wp\/v2\/tags?post=248942"}],"curies":[{"name":"wp","href":"https:\/\/api.w.org\/{rel}","templated":true}]}}