{"id":248952,"date":"2025-07-14T08:30:10","date_gmt":"2025-07-14T08:30:10","guid":{"rendered":"https:\/\/www.europesays.com\/fr\/248952\/"},"modified":"2025-07-14T08:30:10","modified_gmt":"2025-07-14T08:30:10","slug":"10-promos-dingues-a-shopper-durgence-avant-la-fin-des-soldes","status":"publish","type":"post","link":"https:\/\/www.europesays.com\/fr\/248952\/","title":{"rendered":"10 promos dingues \u00e0 shopper d\u2019urgence avant la fin des Soldes !"},"content":{"rendered":"<p class=\"sc-29e2a271-0 jjhUrQ\">Les soldes d\u2019\u00e9t\u00e9 battent leur plein et les bonnes affaires continuent de pleuvoir en ce d\u00e9but de semaine. Amazon n\u2019a pas dit son dernier mot apr\u00e8s les Prime Day, et s\u2019associe aux autres grandes enseignes pour proposer une nouvelle salve de promotions ce lundi 15 juillet.<\/p>\n<p class=\"sc-29e2a271-0 jjhUrQ\">Au programme : les AirPods 4 \u00e0 prix r\u00e9duit, une TV Philips Ambilight 4K, deux robots de piscine bienvenus en pleine chaleur, ou encore un iPhone 16 \u00e0 moins de 880 \u20ac. Darty, Boulanger et Cdiscount ne sont pas en reste, avec des remises int\u00e9ressantes sur l\u2019audio, la climatisation ou encore l\u2019image. Besoin de vous \u00e9quiper ou simplement envie de vous faire plaisir ? Voici les 10 meilleures offres \u00e0 saisir aujourd\u2019hui.<\/p>\n","protected":false},"excerpt":{"rendered":"Les soldes d\u2019\u00e9t\u00e9 battent leur plein et les bonnes affaires continuent de pleuvoir en ce d\u00e9but de semaine.&hellip;\n","protected":false},"author":2,"featured_media":248953,"comment_status":"","ping_status":"","sticky":false,"template":"","format":"standard","meta":{"footnotes":""},"categories":[7],"tags":[1011,27,43,40,41,39,42,44],"class_list":{"0":"post-248952","1":"post","2":"type-post","3":"status-publish","4":"format-standard","5":"has-post-thumbnail","7":"category-sciences-et-technologies","8":"tag-fr","9":"tag-france","10":"tag-science","11":"tag-science-and-technology","12":"tag-sciences","13":"tag-sciences-et-technologies","14":"tag-technologies","15":"tag-technology"},"share_on_mastodon":{"url":"https:\/\/pubeurope.com\/@fr\/114850655333577104","error":""},"_links":{"self":[{"href":"https:\/\/www.europesays.com\/fr\/wp-json\/wp\/v2\/posts\/248952","targetHints":{"allow":["GET"]}}],"collection":[{"href":"https:\/\/www.europesays.com\/fr\/wp-json\/wp\/v2\/posts"}],"about":[{"href":"https:\/\/www.europesays.com\/fr\/wp-json\/wp\/v2\/types\/post"}],"author":[{"embeddable":true,"href":"https:\/\/www.europesays.com\/fr\/wp-json\/wp\/v2\/users\/2"}],"replies":[{"embeddable":true,"href":"https:\/\/www.europesays.com\/fr\/wp-json\/wp\/v2\/comments?post=248952"}],"version-history":[{"count":0,"href":"https:\/\/www.europesays.com\/fr\/wp-json\/wp\/v2\/posts\/248952\/revisions"}],"wp:featuredmedia":[{"embeddable":true,"href":"https:\/\/www.europesays.com\/fr\/wp-json\/wp\/v2\/media\/248953"}],"wp:attachment":[{"href":"https:\/\/www.europesays.com\/fr\/wp-json\/wp\/v2\/media?parent=248952"}],"wp:term":[{"taxonomy":"category","embeddable":true,"href":"https:\/\/www.europesays.com\/fr\/wp-json\/wp\/v2\/categories?post=248952"},{"taxonomy":"post_tag","embeddable":true,"href":"https:\/\/www.europesays.com\/fr\/wp-json\/wp\/v2\/tags?post=248952"}],"curies":[{"name":"wp","href":"https:\/\/api.w.org\/{rel}","templated":true}]}}